{"id":953,"date":"2017-10-08T11:10:47","date_gmt":"2017-10-08T10:10:47","guid":{"rendered":"https:\/\/associazionecamminareguarisce.it\/?p=953"},"modified":"2025-04-15T10:41:03","modified_gmt":"2025-04-15T10:41:03","slug":"200-000-passi-di-felicita-intorno-al-lago","status":"publish","type":"post","link":"https:\/\/camminareguarisce.it\/index.php\/2017\/10\/08\/200-000-passi-di-felicita-intorno-al-lago\/","title":{"rendered":"200.000 passi di felicit\u00e0 intorno al lago"},"content":{"rendered":"<p>Andrea questa estate mi ha detto, \u201cperch\u00e9 non vieni a camminare con noi al lago Trasimeno, in Umbria?\u201d. In realt\u00e0 era da tempo che pensavo a un cammino. A maggio ho fatto un piccolo pezzo di Santiago, ma in bici. In quei giorni sulle vie di Santiago nonostante fossi sui pedali, mi sono sempre sentita pi\u00f9 vicina a coloro che avevano scelto di farlo con le proprie gambe.\u00a0Ogni passaggio pi\u00f9 o meno veloce con la mia bici, attraverso gli sguardi dei pellegrini, mi sentivo libera, e coglievo la loro semplicit\u00e0. Non ne perdevo uno, anticipavo i miei sorrisi, i miei \u201cbuon cammino\u201d ancora prima di passare al loro fianco, come a dire, \u201cehi, anche se sono in bici mi sento parte di voi!\u201d.\u00a0Poi \u00e8 arrivata questa opportunit\u00e0 da Andrea, mi passava accanto, la sentivo mia e senza pensarci due volte mi son detta: \u201cvado!\u201d.<\/p>\n<p>Difficile spiegare a parole quello che pu\u00f2 farti o darti un cammino. Prover\u00f2 a spiegarlo a modo mio, iniziando in realt\u00e0 dal ritorno e non dal cammino stesso. Sul treno di ritorno dalle Dolomiti, dopo quattro meravigliosi giorni passati con AMICI (uno dei regali del cammino), mi sono sentita presa da un po\u2019 d\u2019angoscia. La telefonata di un collega e poi del mio capo, piano piano mi hanno fatto avere il sentore che questo viaggio era finito. Sono rientrata tardi in Abruzzo dal Trentino, stanca e con un certo \u201cmal in cuore\u201d avevo gi\u00e0 la sensazione di immobilizzarmi di nuovo. La mattina seguente sono rientrata al lavoro. In realt\u00e0, avevo dei gran sorrisi da dispensare a tutti, ma ero ancora sul cammino, e quindi mi veniva semplice donarli senza riserve, (cosa che mi viene naturale fare nella mia vita di tutti i giorni). Ma i sorrisi sul cammino sono qualcosa di diverso: hanno quel non so che di pura realt\u00e0 fusa alla tua Anima libera. Immobilizzata a lavoro, mi sono sentita come in una sorta di bolla. La mia mente non faceva altro che ripetermi \u201ccosa ci faccio io qui??\u201d, immobilizzata dalla quotidianit\u00e0. Come il passare delle poche ore di quel rientro a lavoro mi avevano cos\u00ec velocemente inglobata?? Perch\u00e9 mi sentivo cos\u00ec profondamente in un \u201cnon senso\u201d esistenziale??? Un \u201ctic tac\u201d che ti lascia senza fiato, come se fosse senza logica, senza appigli, immobile, come quando vorresti piangere e urlare e ti si ferma tutto in gola. Immobile per celare lo sconforto. Allora cerchi di razionalizzare, e cominci a pensare lucidamente, e capisci che in fondo ci vogliono cos\u00ec, ci vogliono costantemente legati a degli schemi mentali che ci bloccano, schemi cosi subdoli e sottili che ci entrano dentro senza accorgercene. Li facciamo nostri e li diamo per buoni. Per una semplice ragione: per non sentirci inadatti, inadeguati, per non sentirci fuori, fuori da un sistema che non fa altro che confonderci.<\/p>\n<p>\t\t\t\t\t\t\t\t\t\t\t\t<img decoding=\"async\" width=\"843\" height=\"632\" src=\"https:\/\/associazionecamminareguarisce.it\/wp-content\/uploads\/2017\/10\/IMG_5212-2.jpg\" alt=\"camminare guarisce\" loading=\"lazy\" srcset=\"https:\/\/associazionecamminareguarisce.it\/wp-content\/uploads\/2017\/10\/IMG_5212-2.jpg 1024w, https:\/\/associazionecamminareguarisce.it\/wp-content\/uploads\/2017\/10\/IMG_5212-2-300x225.jpg 300w, https:\/\/associazionecamminareguarisce.it\/wp-content\/uploads\/2017\/10\/IMG_5212-2-768x576.jpg 768w\" sizes=\"(max-width: 843px) 100vw, 843px\" \/>\t\t\t\t\t\t\t\t\t\t\t\t\t\t<\/p>\n<p>Ci sentiamo denaturati ma non lo capiamo. Mi \u00e8 venuto spontaneo cercare lo sguardo delle persone e trovavo sguardi assenti, sguardi bassi come a voler dire \u201cnon puoi entrarmi dentro. Qui io devo difendermi\u201d. Nella nostra quotidianit\u00e0 ci identifichiamo con i nostri sentimenti: la rabbia, l\u2019ansia, la presunzione del nostro ego che vuole essere sempre al di sopra delle parti, al di sopra degli altri. Perdiamo di vista la bussola del nostro io e ci dimentichiamo che in realt\u00e0 le emozioni vengono da circostanze, da un vissuto che spesso accettiamo come buono. Dimentichiamo che sono solo reazioni e non quello che meravigliosamente siamo nell\u2019anima. Nel CAMMINO tutto torna, invasi dall\u2019entusiasmo di sentirci adeguati e pronti a tutto! Sin dal mattino, senti una fiducia irrefrenabile verso te, verso il prossimo. Cammini e ti accorgi che tutti i colori che attraversi, sono di una luce profonda, vera, e allora il tuo sguardo compiaciuto non vuole perderne una di quelle nuvole, di quei cieli, di quella terra, della madre terra. In cammino le paure ti abbandonano, l\u2019ansia tace. Si silenzia quel \u201ctic tac\u201d che scandisce ogni giorno la tua quotidianit\u00e0. Si perde il senso del tempo, e ti senti parte di un tutto che \u00e8 dentro te, quel tutto che ti fa scoprire meraviglia, e ti fa credere che mai sei stata cos\u00ec bella dentro, mai cos\u00ec piena in una serenit\u00e0 innocente che non ha eguali. In cammino gli occhi sono dentro gli occhi, i sorrisi sui sorrisi, e le persone facilmente aprono le loro pagine, porgendole con estrema umilt\u00e0 e senza aver paura di essere fragili. In cammino, dopo aver sentito le angosce del cuore, ti piace sentirti dire \u201cora sono qua\u2019\u201d, come se nulla in quel momento avesse importanza, come se il \u201cqui\u2019 e ora\u201d, che sfugge alla quotidianit\u00e0, sia inevitabile, tangibile lungo il cammino. Il cammino \u00e8 il fluire naturale delle cose. Ebbene quando siamo bambini, a un certo punto cerchiamo di alzarci sulle gambe, per imparare a camminare. Mai un unico dubbio sul fatto di potercela fare o meno, mai un pensiero di sconforto nella nostra mente. Cadiamo, cadiamo pi\u00f9 e pi\u00f9 volte, e senza vacillare, con estremo animo naturale ci rialziamo e riproviamo. Poi per tutti noi \u00e8 giunto il momento di saper camminare. Mai nessun esempio di vita come questo pu\u00f2 farci capire cosa siamo. Quando diventiamo grandi, non fanno altro che dirci che la vita e il mondo sono quello che sono. Non fanno altro che dirci come limitare i nostri schianti sui muri, ma questa \u00e8 una vita limitata. Noi tutti dovremmo avere il coraggio di cambiarla questa vita, noi tutti dovremmo abbracciarla e attraverso le convinzioni, creare le condizioni pi\u00f9 consone al nostro io. Dovremmo ritornare ad essere audaci e fiduciosi, propio come quando eravamo bambini e imparammo a camminare. Perch\u00e9 noi siamo cammino. Un GRAZIE alla Vita per gli incontri speciali fatti sul Cammino!<\/p>\n<p>Foto di Giancarlo Enna<\/p>\n","protected":false},"excerpt":{"rendered":"<p>Andrea questa estate mi ha detto, \u201cperch\u00e9 non vieni a camminare con noi al lago Trasimeno, in Umbria?\u201d. In realt\u00e0 era da tempo che pensavo a un cammino. A maggio ho fatto un piccolo pezzo di Santiago, ma in bici. In quei giorni sulle vie di Santiago nonostante fossi sui pedali, mi sono sempre sentita [&hellip;]<\/p>\n","protected":false},"author":2,"featured_media":954,"comment_status":"closed","ping_status":"open","sticky":false,"template":"","format":"standard","meta":{"_et_pb_use_builder":"","_et_pb_old_content":"","_et_gb_content_width":"","footnotes":""},"categories":[8,9,11],"tags":[],"class_list":["post-953","post","type-post","status-publish","format-standard","has-post-thumbnail","hentry","category-camminare-guarisce","category-cammino","category-il-primo-cammino"],"aioseo_notices":[],"_links":{"self":[{"href":"https:\/\/camminareguarisce.it\/index.php\/wp-json\/wp\/v2\/posts\/953","targetHints":{"allow":["GET"]}}],"collection":[{"href":"https:\/\/camminareguarisce.it\/index.php\/wp-json\/wp\/v2\/posts"}],"about":[{"href":"https:\/\/camminareguarisce.it\/index.php\/wp-json\/wp\/v2\/types\/post"}],"author":[{"embeddable":true,"href":"https:\/\/camminareguarisce.it\/index.php\/wp-json\/wp\/v2\/users\/2"}],"replies":[{"embeddable":true,"href":"https:\/\/camminareguarisce.it\/index.php\/wp-json\/wp\/v2\/comments?post=953"}],"version-history":[{"count":1,"href":"https:\/\/camminareguarisce.it\/index.php\/wp-json\/wp\/v2\/posts\/953\/revisions"}],"predecessor-version":[{"id":6132,"href":"https:\/\/camminareguarisce.it\/index.php\/wp-json\/wp\/v2\/posts\/953\/revisions\/6132"}],"wp:featuredmedia":[{"embeddable":true,"href":"https:\/\/camminareguarisce.it\/index.php\/wp-json\/wp\/v2\/media\/954"}],"wp:attachment":[{"href":"https:\/\/camminareguarisce.it\/index.php\/wp-json\/wp\/v2\/media?parent=953"}],"wp:term":[{"taxonomy":"category","embeddable":true,"href":"https:\/\/camminareguarisce.it\/index.php\/wp-json\/wp\/v2\/categories?post=953"},{"taxonomy":"post_tag","embeddable":true,"href":"https:\/\/camminareguarisce.it\/index.php\/wp-json\/wp\/v2\/tags?post=953"}],"curies":[{"name":"wp","href":"https:\/\/api.w.org\/{rel}","templated":true}]}}