{"id":575,"date":"2017-03-13T15:23:15","date_gmt":"2017-03-13T15:23:15","guid":{"rendered":"https:\/\/associazionecamminareguarisce.it\/?p=575"},"modified":"2025-04-15T10:41:49","modified_gmt":"2025-04-15T10:41:49","slug":"si-no-te-mueves-nada-ocurre","status":"publish","type":"post","link":"https:\/\/camminareguarisce.it\/index.php\/2017\/03\/13\/si-no-te-mueves-nada-ocurre\/","title":{"rendered":"SI NO TE MUEVES, NADA OCURRE!"},"content":{"rendered":"<p><em>\u201cHe ca\u00eddo enfermo en mayo 2011: un linfoma. Generalmente, cuando eso ocurre, decimos: se me va a caer el mundo encima! Yo no lo pens\u00e9. No s\u00e9 porqu\u00e9. Yo me sent\u00eda tranquilo y me dec\u00eda que se trataba de una enfermedad como tantas.<\/em><\/p>\n<p><em>Hice los ciclos de quimioterapia establecidos y luego entr\u00e9 en el cuarto est\u00e9ril para el autotrasplante de medula \u00f3sea. Fue en ese preciso momento que mi enfermedad fue individuada con precisi\u00f3n: se trataba de un linfoma de c\u00e9lulas de manto al estadio IV B. Eso significaba que todo mi sistema linf\u00e1tico estaba comprometido! El profesor que me segu\u00eda fue claro conmigo: \u201cmira Fabrizio, esta es tu enfermedad, y desgraciadamente es incurable. De toda manera, lo que podemos hacer es mucho, y haremos lo m\u00e1ximo para que tu vivas el m\u00e1s tiempo posible\u201d. <\/em><\/p>\n<p><em>Una vez aprendido de mi enfermedad, como todos, me puse a buscar en el internet de qu\u00e9 se trataba, buscando informaciones y testigos. Fue un desastre.<\/em><\/p>\n<p><em>\u00a0<\/em><em>En aquel momento, de vez en cuando, me gustaba retirarme del estr\u00e9s de la vida y pasar unos d\u00edas en un monasterio benedictino. Cuando me sent\u00eda demasiado cansado y agotado, me met\u00eda en el coche y me \u201cescapaba\u201d all\u00e1.\u00a0<\/em><em>Cog\u00eda una habitaci\u00f3n para mi y inmergido en el silencio de aquel lugar, pasaba con esos monjes tranquilos y discretos uno d\u00edas de descanso total. <\/em><\/p>\n<p><em>Hice amistad con uno de ellos, Pierre, y cuando le cont\u00e9 de mi condici\u00f3n, \u00e9l me propuso el sacramento de los enfermos. Me dijo: \u201chazlo, es algo bonito. Creo que te va a aliviar en el cuerpo pero sobretodo en el esp\u00edritu!\u201d. Acept\u00e9 su invitaci\u00f3n. Ten\u00eda solamente que decidir el lugar donde recibir este sacramento.<\/em><\/p>\n<p><em>\u00a0<\/em><em>En ese mismo periodo, Andrea, un amigo m\u00edo, estaba haciendo su primer camino hacia Santiago, en la v\u00eda de la Plata, y entonces me dije: \u201cya, me voy al camino tambi\u00e9n!\u201d.\u00a0<\/em><em>Mi esposa Dominique no se opuso. Hice inmediatamente el billete de avi\u00f3n. Unos d\u00edas despu\u00e9s estaba en el Camino!<\/em><\/p>\n<p><em>Sal\u00eda del cuarto est\u00e9ril, mis defensas inmunitarias eran muy bajas. Ten\u00eda que protegerme de los ataques exteriores con una mascarilla quir\u00fargica, ten\u00eda que tener cuidado con las personas y comer alimentos enlatados. Era una \u201cnon vida\u201d. <\/em><\/p>\n<p><em>\u00a0<\/em><em>Mi inter\u00e9s por el camino data de unos a\u00f1os atr\u00e1s, pero estaba metido en el trabajo hasta el cuello, y partir por un mes era algo imposible que realizar. <\/em><em>Recog\u00ed todas las informaciones necesarias, y el 6 de mayo del 2012 estaba en Saint Jean Pied de Port, el pueblo situado a los pies de los Pirineos, desde donde empieza el camino franc\u00e9s que va a Santiago de Compostela. <\/em><em>Reconozco que tuve un poco de inconsciencia, pero sin esa nunca me hubiera puesto en camino!<\/em><\/p>\n<p><em>\u00a0<\/em><em>Cuando baj\u00e9 del avi\u00f3n, me quit\u00e9 la mascarilla y me dije: \u201cya basta! Ya no soy enfermo\u201d. No es posible vivir un camino, preocup\u00e1ndose de lo que se come, de lo que se hace, de cada lugar en el cual uno se queda. Con todas esas preocupaciones, no se vive llenamente esta experiencia \u00fanica!<\/em><\/p>\n<p><em>Tengo que ser sincero: el primer d\u00eda fue talmente duro, que pensaba de morir! Subiendo a la monta\u00f1a hice un encuentro muy importante. Estaba sentado comiendo algo, cuando se me acerc\u00f3 un hombre: se llamaba Pierre. Desde aquel momento, \u00e9l nunca me abandon\u00f3 y me acompa\u00f1\u00f3 hasta la plaza del Obradoiro de Santiago de Compostela.<\/em><\/p>\n<p><em>Quiero decir que a Santiago llegu\u00e9 con mis piernas, con mis fuerzas y mis esfuerzos, pero quiero decir tambi\u00e9n que fue como llevado, escoltado, cuidado por un grupo de personas. Tuve como la sensaci\u00f3n que todos ten\u00edan un preciso deber que cumplir: acompa\u00f1arme a la meta! <\/em><\/p>\n<p><em>\u00a0<\/em><em>Mientras caminaba, al pasar de los d\u00edas, me encontraba mejor. Normalmente, caminando aumenta el cansancio. Yo ve\u00eda personas que abandonaban, que se paraban a causa de los dolores, las ampollas, las tendinitis. Yo no he tenido ning\u00fan problema. Me encontraba muy bien!<\/em><\/p>\n<p><em>\u00a0<\/em><em>Como os he dicho, he partido para recibir el sacramento de los enfermos. Cada tarde, despu\u00e9s de un d\u00eda de camino, iba a la misa, y de vez en cuando sol\u00eda preguntarle a los curas si hab\u00eda la posibilidad de recibir el sacramento en Santiago. Todos me dec\u00edan que llegando el mes de junio, hubiera encontrado millares de peregrinos, con la catedral siempre llena de personas. Substancialmente, me hab\u00edan dicho que era algo imposible.\u00a0<\/em><em>Lo admito, estaba un poco decepcionado pero no ten\u00eda otra posibilidad que aceptarlo. <\/em><\/p>\n<p><em>Pero el camino siempre te da lo que necesitas, y un d\u00eda me alcanz\u00f3 un chico italiano de Sicilia, en pantaloncillos y camiseta y empezamos a hablar. \u201cPorqu\u00e9 te vas a Santiago?\u201d. Caminando las charlas son f\u00e1ciles. Le cont\u00e9 mi historia y la raz\u00f3n por la cual me hab\u00eda puesto en camino, y con mi grande sorpresa, este chico era un padre franciscano. Me dijo que el sacramento de los enfermos me lo hubiera dado \u00e9l mismo en Santiago.<\/em><\/p>\n<p><em>\u00a0<\/em><em>As\u00ed fue: despu\u00e9s de haber caminado durante unos d\u00edas juntos, \u00e9l me adelant\u00f3 y me esper\u00f3 en la ciudad, de manera que cuando llegu\u00e9 a la meta de mi camino, se realiz\u00f3 lo que durante todo mi camino hab\u00eda buscado: fra Michele me dio el sacramento de los enfermos en la Catedral misma de Santiago de Compostela!<\/em><\/p>\n<p><em>La fiesta con los amigos que hab\u00edan compartido el camino conmigo fue inolvidable, emocionante. <\/em><em>Santiago era solamente la primera meta!\u201d.<\/em><\/p>\n<p>&nbsp;<\/p>\n<p>Este es solamente el comienzo de una larga y apasionante historia contada en el libro de Fabrizio Pepini y Massimiliano Cremona titulado \u201ccamminare guarisce\u201d, \u00f3sea \u201ccaminar cura\u201d, salido el a\u00f1o pasado y al momento disponible solamente en italiano.<\/p>\n<p>&nbsp;<\/p>\n<p>Fotografia de Ornella Gabrielli<\/p>\n<p>&nbsp;<\/p>\n<p>&nbsp;<\/p>\n<p>&nbsp;<\/p>\n","protected":false},"excerpt":{"rendered":"<p>\u201cHe ca\u00eddo enfermo en mayo 2011: un linfoma. Generalmente, cuando eso ocurre, decimos: se me va a caer el mundo encima! Yo no lo pens\u00e9. No s\u00e9 porqu\u00e9. Yo me sent\u00eda tranquilo y me dec\u00eda que se trataba de una enfermedad como tantas. Hice los ciclos de quimioterapia establecidos y luego entr\u00e9 en el cuarto [&hellip;]<\/p>\n","protected":false},"author":2,"featured_media":74,"comment_status":"closed","ping_status":"open","sticky":false,"template":"","format":"standard","meta":{"_et_pb_use_builder":"","_et_pb_old_content":"","_et_gb_content_width":"","footnotes":""},"categories":[5,6],"tags":[],"class_list":["post-575","post","type-post","status-publish","format-standard","has-post-thumbnail","hentry","category-caminar-cura","category-camino"],"aioseo_notices":[],"_links":{"self":[{"href":"https:\/\/camminareguarisce.it\/index.php\/wp-json\/wp\/v2\/posts\/575","targetHints":{"allow":["GET"]}}],"collection":[{"href":"https:\/\/camminareguarisce.it\/index.php\/wp-json\/wp\/v2\/posts"}],"about":[{"href":"https:\/\/camminareguarisce.it\/index.php\/wp-json\/wp\/v2\/types\/post"}],"author":[{"embeddable":true,"href":"https:\/\/camminareguarisce.it\/index.php\/wp-json\/wp\/v2\/users\/2"}],"replies":[{"embeddable":true,"href":"https:\/\/camminareguarisce.it\/index.php\/wp-json\/wp\/v2\/comments?post=575"}],"version-history":[{"count":1,"href":"https:\/\/camminareguarisce.it\/index.php\/wp-json\/wp\/v2\/posts\/575\/revisions"}],"predecessor-version":[{"id":6138,"href":"https:\/\/camminareguarisce.it\/index.php\/wp-json\/wp\/v2\/posts\/575\/revisions\/6138"}],"wp:featuredmedia":[{"embeddable":true,"href":"https:\/\/camminareguarisce.it\/index.php\/wp-json\/wp\/v2\/media\/74"}],"wp:attachment":[{"href":"https:\/\/camminareguarisce.it\/index.php\/wp-json\/wp\/v2\/media?parent=575"}],"wp:term":[{"taxonomy":"category","embeddable":true,"href":"https:\/\/camminareguarisce.it\/index.php\/wp-json\/wp\/v2\/categories?post=575"},{"taxonomy":"post_tag","embeddable":true,"href":"https:\/\/camminareguarisce.it\/index.php\/wp-json\/wp\/v2\/tags?post=575"}],"curies":[{"name":"wp","href":"https:\/\/api.w.org\/{rel}","templated":true}]}}