{"id":501,"date":"2017-02-25T12:57:58","date_gmt":"2017-02-25T12:57:58","guid":{"rendered":"https:\/\/associazionecamminareguarisce.it\/?p=501"},"modified":"2025-04-15T10:41:56","modified_gmt":"2025-04-15T10:41:56","slug":"sans-bouger-rien-ne-peut-se-passer","status":"publish","type":"post","link":"https:\/\/camminareguarisce.it\/index.php\/2017\/02\/25\/sans-bouger-rien-ne-peut-se-passer\/","title":{"rendered":"Sans bouger, rien ne peut se passer!"},"content":{"rendered":"<p>\u201c<em>Je suis tomb\u00e9 malade au mois de mai 2011\u00a0: un lymphome. Normalement, en ce cas-l\u00e0 on dit\u00a0: voici que le monde s\u2019\u00e9croule autour de moi\u00a0! Je ne sais pas pourquoi, mais je n\u2019avais pas cette impression. J\u2019\u00e9tais tranquille. Je me disais que c\u2019\u00e9tait une maladie comme les autres.<\/em><\/p>\n<p><em>Je fis tout ce qu\u2019il fallait faire: les cycles de chimioth\u00e9rapie et ensuite je suis entr\u00e9 en chambre st\u00e9rile pour l\u2019autogreffe de moelle osseuse.<\/em><\/p>\n<p><em>\u00c7a a \u00e9t\u00e9 \u00e0 ce moment-l\u00e0 que ma maladie a \u00e9t\u00e9 d\u00e9tect\u00e9e avec pr\u00e9cision\u00a0: un lymphome \u00e0 cellules du manteau au IV\u00e8me stade B. Cela signifiait que mon syst\u00e8me lymphatique \u00e9tait totalement compromis.<\/em><\/p>\n<p><em>Le professeur qui me suivait fut clair avec moi\u00a0: \u00ab\u00a0\u00e9coutez Fabrizio, cette maladie est incurable. Ce que nous pouvons faire, c\u2019est essayer de vous faire vivre le plus de temps possible\u00a0!\u00a0\u00bb.<\/em><\/p>\n<p><em>Une fois appris de quelle maladie j\u2019\u00e9tais atteint, je me suis renseign\u00e9 sur internet, comme d\u00e9sormais le fait tout le monde, et ce fut un d\u00e9sastre.<\/em><\/p>\n<p><em>\u00c0 l\u2019\u00e9poque, je fr\u00e9quentais de temps en autre, un monast\u00e8re b\u00e9n\u00e9dictin. Parfois, quand le stress devenait trop envahissant et j\u2019avais besoin de d\u00e9brancher avec le travail, je montais en voiture et je rejoignais ce lieu de paix. Je prenais une chambre toute pour moi et compl\u00e8tement immerg\u00e9 dans ce silence paisible, je passais quelques jours avec ces moines sereins et discrets.<\/em><\/p>\n<p><em>Parmi eux, j\u2019avais connu Pierre, un religieux affect\u00e9 par la scl\u00e9rose en plaques, et pourtant oblig\u00e9 \u00e0 un fauteuil roulant.<\/em><\/p>\n<p><em>Je connaissais Pierre depuis un certain temps, et quand j\u2019ai lui confi\u00e9 ce qui m\u2019\u00e9tait arriv\u00e9, il me parla du sacrement des malades. Il me dit \u00ab\u00a0fais-le, Fabrizio. C\u2019est une belle chose, car \u00e7a donne un soulagement et une paix profonde\u00a0\u00bb. Je fis mienne son invitation. Il ne restait que choisir le lieu o\u00f9 vivre ce moment que d\u00e9sormais je consid\u00e9rais important pour moi.<\/em><\/p>\n<p><em>En ce moment l\u00e0, Andrea, un cher ami, \u00e9tait en train de parcourir son premier chemin vers Santiago, sur la \u00ab\u00a0via de la Plata\u00a0\u00bb, ce qui m\u2019a pouss\u00e9 \u00e0 me dire\u00a0: \u00ab\u00a0moi aussi, je me mets en chemin\u00a0!\u00a0\u00bb. Ma femme Dominique, ne fit aucune opposition et je fis imm\u00e9diatement le billet d\u2019avion. Peu de jours apr\u00e8s, je posais mes pieds, \u00e9mu, sur le \u00ab\u00a0camino\u00a0\u00bb.<\/em><\/p>\n<p><em>Je venais de sortir de la chambre st\u00e9rile et donc mes d\u00e9fenses immunitaires n\u2019avaient pas encore eu le temps de remonter. J\u2019\u00e9tais oblig\u00e9 \u00e0 me prot\u00e9ger des attaques ext\u00e9rieures avec un masque chirurgical, en \u00e9tant attentif aux personnes ou par exemple, \u00e0 la nourriture que je pouvais manger ou pas. Cela me pesait beaucoup. C\u2019\u00e9tait une vie aseptique, une \u00ab\u00a0non-vie\u00a0\u00bb.<\/em><\/p>\n<p><em>Je m\u2019\u00e9tais int\u00e9ress\u00e9 au Chemin de Santiago quelques ann\u00e9es auparavant, mais le travail m\u2019avait compl\u00e8tement absorb\u00e9 et l\u2019id\u00e9e de partir pour un mois c\u2019\u00e9tait quelque chose d\u2019impossible \u00e0 r\u00e9aliser.<\/em><\/p>\n<p><em>Je trouvai en internet tout ce dont j\u2019avais besoin pour comprendre comment me pr\u00e9parer et quel mat\u00e9riel aurait \u00e9t\u00e9 n\u00e9cessaire, et le 6 mai 2012 j\u2019\u00e9tais \u00e0 Saint-Jean-Pied-De-Port pr\u00eat \u00e0 partir. Je l\u2019avoue, un choix quand m\u00eame assez t\u00e9m\u00e9raire.<\/em><\/p>\n<p><em>Une fois arriv\u00e9 au point de d\u00e9part, je me suis enlev\u00e9 le masque et je me suis dit\u00a0: \u00ab\u00a0\u00e7a suffit\u00a0! Je ne suis plus malade\u00a0!\u00a0\u00bb. On ne peut pas vivre un chemin avec tout un tas de soucis \u00e0 propos de ce l\u2019on mange, de ce que l\u2019on fait, de chaque lieu o\u00f9 l\u2019on s\u2019arr\u00eate. Je sentais que tout cela m\u2019emp\u00eachait de vivre pleinement cette exp\u00e9rience dont je voulais profiter au maximum!<\/em><\/p>\n<p><em>Je dois \u00eatre sinc\u00e8re: la mont\u00e9e des montagnes du premier jour a \u00e9t\u00e9 tellement dure que je croyais de mourir\u00a0! C\u2019est pendant cette difficile ascension que je fis une rencontre tr\u00e8s importante pour moi. Je m\u2019\u00e9tais arr\u00eat\u00e9 pour manger quelque chose, quand un homme souriant s\u2019est approch\u00e9 \u00e0 moi. Il s\u2019appelait Pierre. Depuis ce moment-l\u00e0, Pierre ne m\u2019a plus abandonn\u00e9, et il m\u2019a accompagn\u00e9 jusqu\u2019\u00e0 la place de Obradoiro de Santiago\u00a0!<\/em><\/p>\n<p><em>Je tiens \u00e0 dire que \u00e0 Santiago j\u2019y suis arriv\u00e9 sur mes jambes, mais aussi je dois souligner que j\u2019ai \u00e9t\u00e9 port\u00e9, accompagn\u00e9, escort\u00e9, soign\u00e9 par un group de personnes qui semblait avoir un devoir pr\u00e9cis \u00e0 accomplir\u00a0: m\u2019accompagner jusqu\u2019\u00e0 la destination\u00a0!<\/em><\/p>\n<p><em>Je marchais, les jours passaient et au fur et \u00e0 mesure que le chemin avan\u00e7ait, je me sentais de plus en plus mieux. Normalement, en chemin on se fatigue consid\u00e9rablement. J\u2019ai vu des personnes qui ont d\u00fb s\u2019arr\u00eater, ou m\u00eame abandonner, \u00e0 cause de fortes douleurs ou des inflammations. Moi, je n\u2019ai m\u00eame pas eu une ampoule. J\u2019allais vraiment bien\u00a0!<\/em><\/p>\n<p><em>Comme je l\u2019ai d\u00e9j\u00e0 dit, j\u2019\u00e9tais parti pour recevoir le sacrement des malades. Chaque soir, j\u2019allais \u00e0 la messe, et de temps en temps, je demandais aux pr\u00eatres s\u2019il y avait la possibilit\u00e9 de prendre ce sacrement \u00e0 Santiago. Tous m\u2019ont dit que cela aurait \u00e9t\u00e9 probl\u00e9matique. Je serais arriv\u00e9 au d\u00e9but de juin, parmi des milliers de p\u00e8lerins, et que dans une cath\u00e9drale bourr\u00e9e de personnes cela aurait \u00e9t\u00e9 tr\u00e8s difficile, pour ne pas dire, impossible. J\u2019en \u00e9tais presque r\u00e9sign\u00e9.<\/em><\/p>\n<p><em>Mais le chemin donne toujours ce dont chacun a besoin, et c\u2019est pour cela qu\u2019un jour je me suis retrouv\u00e9 \u00e0 marcher avec un jeun homme sicilien en t-shirt et en bermuda. Nous commen\u00e7\u00e2mes \u00e0 parler. \u00ab\u00a0Pourquoi vas-tu \u00e0 Santiago\u00a0?\u00a0\u00bb. Chemin faisant, les l\u00e8vres se desserrent facilement.<\/em><\/p>\n<p><em>Je lui ai racont\u00e9 mon histoire et la raison pour laquelle j\u2019\u00e9tais sur le chemin. Avec une immense surprise, ce jeune \u00e9tait un franciscain et me dit qu\u2019il m\u2019aurait donn\u00e9 lui-m\u00eame le sacrement des malades une fois arriv\u00e9 \u00e0 Santiago. Et ce fut ainsi\u00a0: apr\u00e8s avoir march\u00e9 quelques jours ensemble, il me pr\u00e9c\u00e9da pour tout arranger, et quand je suis arriv\u00e9 \u00e0 destination, se r\u00e9alisa ce pour quoi j\u2019\u00e9tais parti. J\u2019ai pu recevoir le sacrement des malades \u00e0 l\u2019int\u00e9rieur de la Cath\u00e9drale de Santiago.<\/em><\/p>\n<p><em>La f\u00eate que fmes avec tous les amis avec lesquels j\u2019avais partag\u00e9 le chemin, fut vraiment belle et \u00e9mouvante. Santiago c\u2019\u00e9tait seulement la premi\u00e8re destination atteinte<\/em>\u201d.<\/p>\n<p>&nbsp;<\/p>\n<p>Ceci n\u2019est que le commencement d\u2019une longue et passionnante histoire racont\u00e9e dans le livre de Fabrizio Pepini et Massimiliano Cremona intitul\u00e9 \u00ab\u00a0camminare guarisce\u00a0\u00bb, c\u2019est-\u00e0-dire, marcher gu\u00e9rit, \u00e9dit\u00e9 par les\u00a0Edizioni dei cammini, 2016, pour le moment existant seulement en italien et disponible au link pr\u00e9sent en ce blog.<\/p>\n<p>&nbsp;<\/p>\n<p>Photo de Ornella Gabrielli<\/p>\n","protected":false},"excerpt":{"rendered":"<p>\u201cJe suis tomb\u00e9 malade au mois de mai 2011\u00a0: un lymphome. Normalement, en ce cas-l\u00e0 on dit\u00a0: voici que le monde s\u2019\u00e9croule autour de moi\u00a0! Je ne sais pas pourquoi, mais je n\u2019avais pas cette impression. J\u2019\u00e9tais tranquille. Je me disais que c\u2019\u00e9tait une maladie comme les autres. Je fis tout ce qu\u2019il fallait faire: [&hellip;]<\/p>\n","protected":false},"author":2,"featured_media":74,"comment_status":"closed","ping_status":"open","sticky":false,"template":"","format":"standard","meta":{"_et_pb_use_builder":"","_et_pb_old_content":"","_et_gb_content_width":"","footnotes":""},"categories":[12],"tags":[],"class_list":["post-501","post","type-post","status-publish","format-standard","has-post-thumbnail","hentry","category-marcher-guerit"],"aioseo_notices":[],"_links":{"self":[{"href":"https:\/\/camminareguarisce.it\/index.php\/wp-json\/wp\/v2\/posts\/501","targetHints":{"allow":["GET"]}}],"collection":[{"href":"https:\/\/camminareguarisce.it\/index.php\/wp-json\/wp\/v2\/posts"}],"about":[{"href":"https:\/\/camminareguarisce.it\/index.php\/wp-json\/wp\/v2\/types\/post"}],"author":[{"embeddable":true,"href":"https:\/\/camminareguarisce.it\/index.php\/wp-json\/wp\/v2\/users\/2"}],"replies":[{"embeddable":true,"href":"https:\/\/camminareguarisce.it\/index.php\/wp-json\/wp\/v2\/comments?post=501"}],"version-history":[{"count":1,"href":"https:\/\/camminareguarisce.it\/index.php\/wp-json\/wp\/v2\/posts\/501\/revisions"}],"predecessor-version":[{"id":6139,"href":"https:\/\/camminareguarisce.it\/index.php\/wp-json\/wp\/v2\/posts\/501\/revisions\/6139"}],"wp:featuredmedia":[{"embeddable":true,"href":"https:\/\/camminareguarisce.it\/index.php\/wp-json\/wp\/v2\/media\/74"}],"wp:attachment":[{"href":"https:\/\/camminareguarisce.it\/index.php\/wp-json\/wp\/v2\/media?parent=501"}],"wp:term":[{"taxonomy":"category","embeddable":true,"href":"https:\/\/camminareguarisce.it\/index.php\/wp-json\/wp\/v2\/categories?post=501"},{"taxonomy":"post_tag","embeddable":true,"href":"https:\/\/camminareguarisce.it\/index.php\/wp-json\/wp\/v2\/tags?post=501"}],"curies":[{"name":"wp","href":"https:\/\/api.w.org\/{rel}","templated":true}]}}