{"id":326,"date":"2017-01-13T07:00:18","date_gmt":"2017-01-13T07:00:18","guid":{"rendered":"https:\/\/associazionecamminareguarisce.it\/?p=326"},"modified":"2017-01-13T07:00:18","modified_gmt":"2017-01-13T07:00:18","slug":"back-to-santiago-day-1","status":"publish","type":"post","link":"https:\/\/camminareguarisce.it\/index.php\/2017\/01\/13\/back-to-santiago-day-1\/","title":{"rendered":"Back to Santiago: day 1"},"content":{"rendered":"<p>Probabilmente la grande maggioranza delle persone stentano a capire come si possa cos\u00ec spesso voler tornare a Santiago de Compostela. &#8220;Ma vai ancora a Santiago??!&#8221;.<br \/>\nS\u00ec, ancora l\u00ec, perch\u00e9 ci\u00f2 che conta non \u00e8 la meta, ma ci\u00f2 che si ha la fortuna di vivere in cammino, e ci\u00f2 \u00e8 sempre diverso! \u00c8 per questo che tornare a Santiago \u00e8 sempre un po&#8217; come andarci la prima volta, perch\u00e9 vivi il viaggio con persone diverse, e dentro ogni cammino ci portiamo la nostra vita in continuo cambiamento.<br \/>\nQuando parliamo di &#8220;Santiago&#8221;, diciamo molto pi\u00f9 di un luogo, di una meta, di una destinazione. Per noi &#8220;Santiago&#8221; \u00e8 un lungo, lentissimo viaggio di cui non conosciamo i dettagli, ma incontro al quale andiamo con una sorridente fiducia!<br \/>\nCi fidiamo delle innumerevoli persone che prima di noi nei secoli, hanno sentito di prendere con se la propria vita e portarla fino a questo luogo &#8220;santo&#8221;, come per ritrovarne il giusto valore.<br \/>\nCi fidiamo di coloro che sospinti dalle pi\u00f9 svariate motivazioni hanno deciso di dare una porzione di tempo per questa esperienza densa di senso e di significati.<br \/>\nCi fidiamo delle persone che camminano al nostro fianco e che nascondono un tesoro dentro alle loro storie.<br \/>\nFacciamo un profondo atto di fede anche nei confronti di noi stessi, credendo a quel &#8220;qualcosa&#8221; che ci ha portato a andare proprio l\u00ec sospinti da un&#8217;intuizione potente che ci ha fatto partire, ma i cui contorni magari non sono ancora chiari.<br \/>\nSantiago \u00e8 uno spazio dove passo dopo passo, le persone lasciano cadere le maschere necessarie per &#8220;stare al mondo&#8221;, e possono permettersi di essere se stessi senza paure.<br \/>\nSantiago \u00e8 pi\u00f9 riposante e rigenerante della pi\u00f9 belle delle spa, anche se passi gran parte delle giornate a far fatica e a camminare.<br \/>\nNon \u00e8 mai lo stesso cammino dell&#8217;ultima volta, perch\u00e9 un cammino lo fanno le persone!<br \/>\nNon \u00e8 mai lo stesso paesaggio, perch\u00e9 non si attraversa un quadro ma una natura viva.<br \/>\nSantiago \u00e8 tutto ci\u00f2 e molto di pi\u00f9!<br \/>\n\u00c8 per questo che tornare a Santiago \u00e8 sempre un&#8217;emozione dai colori pi\u00f9 eterogenei.<br \/>\n\u00c8 per questo che si va incontro ad ogni cammino con un&#8217;apertura massima, perch\u00e9 sar\u00e0 l&#8217;ennesima opportunit\u00e0 di vivere qualcosa che ci verr\u00e0 abbondantemente offerto strada facendo.<br \/>\nS\u00ec, ha profondamente senso tornare a Santiago, perch\u00e9 ogni cammino \u00e8 appassionatamente unico!<br \/>\n\u00c8 per questo che sono qui a inaugurare questo nuovo capitolo della mia vita! Ho la fortuna di farlo insieme a un fratello, Fabrizio, del quale vi ho gi\u00e0 parlato in questo spazio al seguente link:<br \/>\nhttps:\/\/associazionecamminareguarisce.it\/camminare-guarisce\/<br \/>\nL&#8217;inverno pu\u00f2 intimorire, ma a noi le pazzie non ci spaventano!<br \/>\nDai, preparate lo zaino anche voi! Camminiamo insieme per i prossimi 850 km! Santiago \u00e8 gi\u00e0 un po&#8217; qui, alla partenza! Ne vale la gioia!<br \/>\nQuesto \u00e8 il giusto cammino per ricominciare!<\/p>\n","protected":false},"excerpt":{"rendered":"<p>Probabilmente la grande maggioranza delle persone stentano a capire come si possa cos\u00ec spesso voler tornare a Santiago de Compostela. &#8220;Ma vai ancora a Santiago??!&#8221;. S\u00ec, ancora l\u00ec, perch\u00e9 ci\u00f2 che conta non \u00e8 la meta, ma ci\u00f2 che si ha la fortuna di vivere in cammino, e ci\u00f2 \u00e8 sempre diverso! \u00c8 per questo [&hellip;]<\/p>\n","protected":false},"author":2,"featured_media":204,"comment_status":"open","ping_status":"open","sticky":false,"template":"","format":"standard","meta":{"_et_pb_use_builder":"","_et_pb_old_content":"","_et_gb_content_width":"","footnotes":""},"categories":[15],"tags":[],"class_list":["post-326","post","type-post","status-publish","format-standard","has-post-thumbnail","hentry","category-senza-categoria-fr"],"aioseo_notices":[],"_links":{"self":[{"href":"https:\/\/camminareguarisce.it\/index.php\/wp-json\/wp\/v2\/posts\/326","targetHints":{"allow":["GET"]}}],"collection":[{"href":"https:\/\/camminareguarisce.it\/index.php\/wp-json\/wp\/v2\/posts"}],"about":[{"href":"https:\/\/camminareguarisce.it\/index.php\/wp-json\/wp\/v2\/types\/post"}],"author":[{"embeddable":true,"href":"https:\/\/camminareguarisce.it\/index.php\/wp-json\/wp\/v2\/users\/2"}],"replies":[{"embeddable":true,"href":"https:\/\/camminareguarisce.it\/index.php\/wp-json\/wp\/v2\/comments?post=326"}],"version-history":[{"count":0,"href":"https:\/\/camminareguarisce.it\/index.php\/wp-json\/wp\/v2\/posts\/326\/revisions"}],"wp:featuredmedia":[{"embeddable":true,"href":"https:\/\/camminareguarisce.it\/index.php\/wp-json\/wp\/v2\/media\/204"}],"wp:attachment":[{"href":"https:\/\/camminareguarisce.it\/index.php\/wp-json\/wp\/v2\/media?parent=326"}],"wp:term":[{"taxonomy":"category","embeddable":true,"href":"https:\/\/camminareguarisce.it\/index.php\/wp-json\/wp\/v2\/categories?post=326"},{"taxonomy":"post_tag","embeddable":true,"href":"https:\/\/camminareguarisce.it\/index.php\/wp-json\/wp\/v2\/tags?post=326"}],"curies":[{"name":"wp","href":"https:\/\/api.w.org\/{rel}","templated":true}]}}