{"id":3113,"date":"2019-03-31T10:43:05","date_gmt":"2019-03-31T09:43:05","guid":{"rendered":"https:\/\/associazionecamminareguarisce.it\/?p=3113"},"modified":"2025-04-15T10:39:30","modified_gmt":"2025-04-15T10:39:30","slug":"varcare-la-soglia-verso-lincontro-del-5-aprile","status":"publish","type":"post","link":"https:\/\/camminareguarisce.it\/index.php\/2019\/03\/31\/varcare-la-soglia-verso-lincontro-del-5-aprile\/","title":{"rendered":"Varcare la &#8220;SOGLIA&#8221;: verso l&#8217;incontro di Perugia del 5 aprile"},"content":{"rendered":"<p style=\"text-align: justify;\">L&#8217;associazione &#8220;camminare guarisce&#8221; ha organizzato per il giorno 5 aprile a Perugia, l&#8217;incontro dal titolo &#8220;<strong>un cammino per ricominciare<\/strong>&#8220;. Di cosa si tratta? Di un evento nel quale desideriamo mettere in dialogo diverse realt\u00e0 associative che hanno avviato dei progetti educativi in favore dei giovani con fragilit\u00e0 sociali e improntati sul cammino.<\/p>\n<p style=\"text-align: justify;\">A questo meeting parteciperanno anche delle figure significative del territorio, sensibili al tema dei giovani e del camminare, oltre a rappresentanti dei servizi istituzionali di Perugia. Una bella occasione dal forte risvolto sociale e civile, per continuare a tracciare una strada che guarda al futuro dei ragazzi. Per loro. Con loro.<\/p>\n<p><img loading=\"lazy\" decoding=\"async\" src=\"https:\/\/associazionecamminareguarisce.it\/wp-content\/uploads\/2019\/03\/volantino-evento.jpg\" sizes=\"(max-width: 1240px) 100vw, 1240px\" srcset=\"https:\/\/associazionecamminareguarisce.it\/wp-content\/uploads\/2019\/03\/volantino-evento.jpg 1240w, https:\/\/associazionecamminareguarisce.it\/wp-content\/uploads\/2019\/03\/volantino-evento-212x300.jpg 212w, https:\/\/associazionecamminareguarisce.it\/wp-content\/uploads\/2019\/03\/volantino-evento-768x1087.jpg 768w, https:\/\/associazionecamminareguarisce.it\/wp-content\/uploads\/2019\/03\/volantino-evento-724x1024.jpg 724w\" alt=\"\" width=\"1240\" height=\"1755\" \/><\/p>\n<p style=\"text-align: justify;\">Oggi vi presentiamo <strong>l&#8217;associazione &#8220;Seuil&#8221;<\/strong>, \u00a0che sar\u00e0 partecipe al nostro incontro grazie alla presenza del suo direttore Paul Dall&#8217;Acqua, che siamo felici ed onorati di ospitare e conoscere. Ecco un testo per presentarvi &#8220;Seuil&#8221;, tratto dal loro sito internet.<\/p>\n<p style=\"text-align: justify;\"><em>\u201cSeuil\u201d \u00e8 nata dall\u2019incontro che Bernard Ollivier ha fatto sul cammino di Santiago con due giovani delinquenti belgi, ai quali un giudice intelligente aveva proposto questo \u201cpatto\u201d: il cammino o la prigione? Era il 1998.<\/em><\/p>\n<p style=\"text-align: justify;\"><em>La contentezza di questi due adolescenti in cammino, l\u2019attenzione, e l\u2019ammirazione che tutti avevano verso di loro, hanno dimostrato che questo giudice ci aveva visto giusto: la detenzione non \u00e8 la soluzione.<\/em><\/p>\n<p style=\"text-align: justify;\"><em>Il sentimento di libert\u00e0 che fa sperimentare il camminare, la felicit\u00e0 di superare i propri limiti e le difficolt\u00e0 inevitabili, e soprattutto gli incontri fatti strada facendo, sono la vera via verso la \u201cresilienza\u201d, questa capacit\u00e0 di riprendersi dopo un trauma descritta da Boris Cyrulnik.<\/em><\/p>\n<p style=\"text-align: justify;\"><em>Dopo un periodo di prova, \u201cSeuil\u201d \u00e8 stata ufficialmente creata nel 2003, e riconosciuta negli anni seguenti da diversi istituti nazionali francesi e dal Ministero della Giustizia come esperienza di aiuto sociale e di protezione giudiziaria data ai giovani.<\/em><\/p>\n<p style=\"text-align: justify;\"><em>La sua missione \u00e8 di accompagnare questi ragazzi in difficolt\u00e0, in rottura con la societ\u00e0, per aiutarli a fare in modo che diventino essi stessi gli attori della loro propria <strong>reinserzione<\/strong>. Come? Attraverso un cammino di svolta individuale di circa 3 mesi, camminando per 1600 chilometri all\u2019estero.<\/em><\/p>\n<p style=\"text-align: justify;\"><em>Questo progetto educativo \u00e8 stato sperimentato in altri paesi europei.<\/em><\/p>\n<p style=\"text-align: justify;\"><em>Le risposte alternative alla prigione, come il cammino educativo di \u201cSeuil\u201d sono sostenute dalle amministrazioni francesi.\u00a0<\/em><em>Costano meno dei centri di detenzione e sono pi\u00f9 educativi della prigione. Per questo il metodo alla fine ha convinto.<\/em><\/p>\n<p style=\"text-align: justify;\"><em>Nel 2013, lo studio di un centro indipendente dal nome \u201cProEthique\u201d \u00e8 arrivato alla conclusione che <strong>il 95% dei giovani che hanno fatto l\u2019esperienza del cammino con \u201cSeuil\u201d, \u00e8 tornato a casa con un progetto costruttivo per la loro reinserzione<\/strong>.\u00a0<\/em><em>Un altro studio fatto dall\u2019amministrazione penitenziaria, ha costatato invece che il 75% dei giovani che escono di prigione, cadono in ripetute recidive.\u00a0<\/em><em>Nonostante ci\u00f2, ci sono ancora delle resistenze: si dice che non ci siano i \u201cmezzi\u201d. Mezzi che per\u00f2 esistono per mantenere le misure detentive.\u00a0<\/em><em>Le idee nuove e innovative hanno sempre bisogno di tempo per mettere radici.\u00a0<\/em><em>Per rinforzarle, ci vuole un sostegno e un\u2019azione vigorosa da parte della societ\u00e0 civile.<\/em><\/p>\n<p style=\"text-align: justify;\"><em>Grazie al sostegno dei nostri soci, dei nostri donatori, degli educatori e dei giudici minorili, \u201cSeuil\u201d ha organizzato fino al 2018, quasi 250 cammini educativi per i ragazzi! Ora l\u2019associazione ha le forze per organizzarne ogni anno circa una quarantina&#8221;.<\/em><\/p>\n<p style=\"text-align: justify;\">Vi aspettiamo<b> il 5 aprile alle 18:30 presso l&#8217;Oratorio Santissima Annunziata di Perugia, in Piazza Mariotti 2 <\/b>(accanto al Conservatorio) per continuare ad approfondire questo tema.<\/p>\n<p><iframe loading=\"lazy\" title=\"Seuil   reportage Isma\u00ebl\" width=\"1080\" height=\"608\" src=\"https:\/\/www.youtube.com\/embed\/Ah8lf3Xh5Ak?feature=oembed\"  allow=\"accelerometer; autoplay; clipboard-write; encrypted-media; gyroscope; picture-in-picture\" allowfullscreen><\/iframe><\/p>\n","protected":false},"excerpt":{"rendered":"<p>L&#8217;associazione &#8220;camminare guarisce&#8221; ha organizzato per il giorno 5 aprile a Perugia, l&#8217;incontro dal titolo &#8220;un cammino per ricominciare&#8220;. Di cosa si tratta? Di un evento nel quale desideriamo mettere in dialogo diverse realt\u00e0 associative che hanno avviato dei progetti educativi in favore dei giovani con fragilit\u00e0 sociali e improntati sul cammino. A questo meeting [&hellip;]<\/p>\n","protected":false},"author":2,"featured_media":3115,"comment_status":"closed","ping_status":"open","sticky":false,"template":"","format":"standard","meta":{"_et_pb_use_builder":"","_et_pb_old_content":"","_et_gb_content_width":"","footnotes":""},"categories":[3,8,15],"tags":[],"class_list":["post-3113","post","type-post","status-publish","format-standard","has-post-thumbnail","hentry","category-associazione","category-camminare-guarisce","category-senza-categoria-fr"],"aioseo_notices":[],"aioseo_head":"\n\t\t<!-- All in One SEO 4.9.10 - aioseo.com -->\n\t<meta name=\"description\" content=\"L&#039;associazione &quot;camminare guarisce&quot; ha organizzato per il giorno 5 aprile a Perugia, l&#039;incontro dal titolo &quot;un cammino per ricominciare&quot;. Di cosa si tratta? Di un evento nel quale desideriamo mettere in dialogo diverse realt\u00e0 associative che hanno avviato dei progetti educativi in favore dei giovani con fragilit\u00e0 sociali e improntati sul cammino. A questo meeting\" \/>\n\t<meta name=\"robots\" content=\"max-image-preview:large\" \/>\n\t<meta name=\"author\" content=\"Andrea\"\/>\n\t<meta name=\"google-site-verification\" content=\"googlefa782f3bcf5da7dd.html\" \/>\n\t<meta name=\"keywords\" content=\"associazione,camminare guarisce,senza categoria\" \/>\n\t<link rel=\"canonical\" href=\"https:\/\/camminareguarisce.it\/index.php\/2019\/03\/31\/varcare-la-soglia-verso-lincontro-del-5-aprile\/\" \/>\n\t<meta name=\"generator\" content=\"All in One SEO (AIOSEO) 4.9.10\" \/>\n\t\t<meta property=\"og:locale\" content=\"it_IT\" \/>\n\t\t<meta property=\"og:site_name\" content=\"Associazione Camminare guarisce \u2013 In cammino la vita cambia\" \/>\n\t\t<meta property=\"og:type\" content=\"article\" \/>\n\t\t<meta property=\"og:title\" content=\"Varcare la \u201cSOGLIA\u201d: verso l\u2019incontro di Perugia del 5 aprile \u2013 Associazione Camminare guarisce\" \/>\n\t\t<meta property=\"og:description\" content=\"L&#039;associazione &quot;camminare guarisce&quot; ha organizzato per il giorno 5 aprile a Perugia, l&#039;incontro dal titolo &quot;un cammino per ricominciare&quot;. Di cosa si tratta? Di un evento nel quale desideriamo mettere in dialogo diverse realt\u00e0 associative che hanno avviato dei progetti educativi in favore dei giovani con fragilit\u00e0 sociali e improntati sul cammino. A questo meeting\" \/>\n\t\t<meta property=\"og:url\" content=\"https:\/\/camminareguarisce.it\/index.php\/2019\/03\/31\/varcare-la-soglia-verso-lincontro-del-5-aprile\/\" \/>\n\t\t<meta property=\"og:image\" content=\"https:\/\/camminareguarisce.it\/wp-content\/uploads\/2022\/12\/copertina-home.jpg\" \/>\n\t\t<meta property=\"og:image:secure_url\" content=\"https:\/\/camminareguarisce.it\/wp-content\/uploads\/2022\/12\/copertina-home.jpg\" \/>\n\t\t<meta property=\"og:image:width\" content=\"1920\" \/>\n\t\t<meta property=\"og:image:height\" content=\"1080\" \/>\n\t\t<meta property=\"article:published_time\" content=\"2019-03-31T09:43:05+00:00\" \/>\n\t\t<meta property=\"article:modified_time\" content=\"2025-04-15T10:39:30+00:00\" \/>\n\t\t<meta property=\"article:publisher\" content=\"https:\/\/www.facebook.com\/camminareguarisce\" \/>\n\t\t<meta name=\"twitter:card\" content=\"summary_large_image\" \/>\n\t\t<meta name=\"twitter:site\" content=\"@AGuarisce\" \/>\n\t\t<meta name=\"twitter:title\" content=\"Varcare la \u201cSOGLIA\u201d: verso l\u2019incontro di Perugia del 5 aprile \u2013 Associazione Camminare guarisce\" \/>\n\t\t<meta name=\"twitter:description\" content=\"L&#039;associazione &quot;camminare guarisce&quot; ha organizzato per il giorno 5 aprile a Perugia, l&#039;incontro dal titolo &quot;un cammino per ricominciare&quot;. Di cosa si tratta? Di un evento nel quale desideriamo mettere in dialogo diverse realt\u00e0 associative che hanno avviato dei progetti educativi in favore dei giovani con fragilit\u00e0 sociali e improntati sul cammino. A questo meeting\" \/>\n\t\t<meta name=\"twitter:creator\" content=\"@AGuarisce\" \/>\n\t\t<meta name=\"twitter:image\" content=\"https:\/\/camminareguarisce.it\/wp-content\/uploads\/2022\/12\/copertina-home.jpg\" \/>\n\t\t<script type=\"application\/ld+json\" class=\"aioseo-schema\">\n\t\t\t{\"@context\":\"https:\\\/\\\/schema.org\",\"@graph\":[{\"@type\":\"BlogPosting\",\"@id\":\"https:\\\/\\\/camminareguarisce.it\\\/index.php\\\/2019\\\/03\\\/31\\\/varcare-la-soglia-verso-lincontro-del-5-aprile\\\/#blogposting\",\"name\":\"Varcare la \\u201cSOGLIA\\u201d: verso l\\u2019incontro di Perugia del 5 aprile \\u2013 Associazione Camminare guarisce\",\"headline\":\"Varcare la &#8220;SOGLIA&#8221;: verso l&#8217;incontro di Perugia del 5 aprile\",\"author\":{\"@id\":\"https:\\\/\\\/camminareguarisce.it\\\/index.php\\\/author\\\/andypoly2000yahoo-it\\\/#author\"},\"publisher\":{\"@id\":\"https:\\\/\\\/camminareguarisce.it\\\/#organization\"},\"image\":{\"@type\":\"ImageObject\",\"url\":\"https:\\\/\\\/camminareguarisce.it\\\/wp-content\\\/uploads\\\/2019\\\/03\\\/helena-lopes-459331-unsplash-scaled.jpg\",\"width\":2560,\"height\":1707},\"datePublished\":\"2019-03-31T10:43:05+00:00\",\"dateModified\":\"2025-04-15T10:39:30+00:00\",\"inLanguage\":\"it-IT\",\"mainEntityOfPage\":{\"@id\":\"https:\\\/\\\/camminareguarisce.it\\\/index.php\\\/2019\\\/03\\\/31\\\/varcare-la-soglia-verso-lincontro-del-5-aprile\\\/#webpage\"},\"isPartOf\":{\"@id\":\"https:\\\/\\\/camminareguarisce.it\\\/index.php\\\/2019\\\/03\\\/31\\\/varcare-la-soglia-verso-lincontro-del-5-aprile\\\/#webpage\"},\"articleSection\":\"associazione, camminare guarisce, Senza categoria\"},{\"@type\":\"BreadcrumbList\",\"@id\":\"https:\\\/\\\/camminareguarisce.it\\\/index.php\\\/2019\\\/03\\\/31\\\/varcare-la-soglia-verso-lincontro-del-5-aprile\\\/#breadcrumblist\",\"itemListElement\":[{\"@type\":\"ListItem\",\"@id\":\"https:\\\/\\\/camminareguarisce.it#listItem\",\"position\":1,\"name\":\"Home\",\"item\":\"https:\\\/\\\/camminareguarisce.it\",\"nextItem\":{\"@type\":\"ListItem\",\"@id\":\"https:\\\/\\\/camminareguarisce.it\\\/index.php\\\/category\\\/associazione\\\/#listItem\",\"name\":\"associazione\"}},{\"@type\":\"ListItem\",\"@id\":\"https:\\\/\\\/camminareguarisce.it\\\/index.php\\\/category\\\/associazione\\\/#listItem\",\"position\":2,\"name\":\"associazione\",\"item\":\"https:\\\/\\\/camminareguarisce.it\\\/index.php\\\/category\\\/associazione\\\/\",\"nextItem\":{\"@type\":\"ListItem\",\"@id\":\"https:\\\/\\\/camminareguarisce.it\\\/index.php\\\/2019\\\/03\\\/31\\\/varcare-la-soglia-verso-lincontro-del-5-aprile\\\/#listItem\",\"name\":\"Varcare la &#8220;SOGLIA&#8221;: verso l&#8217;incontro di Perugia del 5 aprile\"},\"previousItem\":{\"@type\":\"ListItem\",\"@id\":\"https:\\\/\\\/camminareguarisce.it#listItem\",\"name\":\"Home\"}},{\"@type\":\"ListItem\",\"@id\":\"https:\\\/\\\/camminareguarisce.it\\\/index.php\\\/2019\\\/03\\\/31\\\/varcare-la-soglia-verso-lincontro-del-5-aprile\\\/#listItem\",\"position\":3,\"name\":\"Varcare la &#8220;SOGLIA&#8221;: verso l&#8217;incontro di Perugia del 5 aprile\",\"previousItem\":{\"@type\":\"ListItem\",\"@id\":\"https:\\\/\\\/camminareguarisce.it\\\/index.php\\\/category\\\/associazione\\\/#listItem\",\"name\":\"associazione\"}}]},{\"@type\":\"Organization\",\"@id\":\"https:\\\/\\\/camminareguarisce.it\\\/#organization\",\"name\":\"Associazione Camminare guarisce\",\"description\":\"In cammino la vita cambia\",\"url\":\"https:\\\/\\\/camminareguarisce.it\\\/\",\"telephone\":\"+393389362313\",\"logo\":{\"@type\":\"ImageObject\",\"url\":\"https:\\\/\\\/camminareguarisce.it\\\/wp-content\\\/uploads\\\/2022\\\/12\\\/logo-CG.png.png\",\"@id\":\"https:\\\/\\\/camminareguarisce.it\\\/index.php\\\/2019\\\/03\\\/31\\\/varcare-la-soglia-verso-lincontro-del-5-aprile\\\/#organizationLogo\",\"width\":500,\"height\":500,\"caption\":\"Associazione camminare gurisce\"},\"image\":{\"@id\":\"https:\\\/\\\/camminareguarisce.it\\\/index.php\\\/2019\\\/03\\\/31\\\/varcare-la-soglia-verso-lincontro-del-5-aprile\\\/#organizationLogo\"},\"sameAs\":[\"https:\\\/\\\/www.facebook.com\\\/camminareguarisce\",\"https:\\\/\\\/twitter.com\\\/AGuarisce\",\"https:\\\/\\\/www.instagram.com\\\/camminareguarisce\\\/\",\"https:\\\/\\\/www.youtube.com\\\/@associazionecamminareguarisce\"]},{\"@type\":\"Person\",\"@id\":\"https:\\\/\\\/camminareguarisce.it\\\/index.php\\\/author\\\/andypoly2000yahoo-it\\\/#author\",\"url\":\"https:\\\/\\\/camminareguarisce.it\\\/index.php\\\/author\\\/andypoly2000yahoo-it\\\/\",\"name\":\"Andrea\",\"image\":{\"@type\":\"ImageObject\",\"@id\":\"https:\\\/\\\/camminareguarisce.it\\\/index.php\\\/2019\\\/03\\\/31\\\/varcare-la-soglia-verso-lincontro-del-5-aprile\\\/#authorImage\",\"url\":\"https:\\\/\\\/secure.gravatar.com\\\/avatar\\\/2295ce0c763a4c8284832bb695a1010e67c0cbd4851a3d8b6e40c80f3de7ffe4?s=96&d=mm&r=g\",\"width\":96,\"height\":96,\"caption\":\"Andrea\"}},{\"@type\":\"WebPage\",\"@id\":\"https:\\\/\\\/camminareguarisce.it\\\/index.php\\\/2019\\\/03\\\/31\\\/varcare-la-soglia-verso-lincontro-del-5-aprile\\\/#webpage\",\"url\":\"https:\\\/\\\/camminareguarisce.it\\\/index.php\\\/2019\\\/03\\\/31\\\/varcare-la-soglia-verso-lincontro-del-5-aprile\\\/\",\"name\":\"Varcare la \\u201cSOGLIA\\u201d: verso l\\u2019incontro di Perugia del 5 aprile \\u2013 Associazione Camminare guarisce\",\"description\":\"L'associazione \\\"camminare guarisce\\\" ha organizzato per il giorno 5 aprile a Perugia, l'incontro dal titolo \\\"un cammino per ricominciare\\\". Di cosa si tratta? Di un evento nel quale desideriamo mettere in dialogo diverse realt\\u00e0 associative che hanno avviato dei progetti educativi in favore dei giovani con fragilit\\u00e0 sociali e improntati sul cammino. A questo meeting\",\"inLanguage\":\"it-IT\",\"isPartOf\":{\"@id\":\"https:\\\/\\\/camminareguarisce.it\\\/#website\"},\"breadcrumb\":{\"@id\":\"https:\\\/\\\/camminareguarisce.it\\\/index.php\\\/2019\\\/03\\\/31\\\/varcare-la-soglia-verso-lincontro-del-5-aprile\\\/#breadcrumblist\"},\"author\":{\"@id\":\"https:\\\/\\\/camminareguarisce.it\\\/index.php\\\/author\\\/andypoly2000yahoo-it\\\/#author\"},\"creator\":{\"@id\":\"https:\\\/\\\/camminareguarisce.it\\\/index.php\\\/author\\\/andypoly2000yahoo-it\\\/#author\"},\"image\":{\"@type\":\"ImageObject\",\"url\":\"https:\\\/\\\/camminareguarisce.it\\\/wp-content\\\/uploads\\\/2019\\\/03\\\/helena-lopes-459331-unsplash-scaled.jpg\",\"@id\":\"https:\\\/\\\/camminareguarisce.it\\\/index.php\\\/2019\\\/03\\\/31\\\/varcare-la-soglia-verso-lincontro-del-5-aprile\\\/#mainImage\",\"width\":2560,\"height\":1707},\"primaryImageOfPage\":{\"@id\":\"https:\\\/\\\/camminareguarisce.it\\\/index.php\\\/2019\\\/03\\\/31\\\/varcare-la-soglia-verso-lincontro-del-5-aprile\\\/#mainImage\"},\"datePublished\":\"2019-03-31T10:43:05+00:00\",\"dateModified\":\"2025-04-15T10:39:30+00:00\"},{\"@type\":\"WebSite\",\"@id\":\"https:\\\/\\\/camminareguarisce.it\\\/#website\",\"url\":\"https:\\\/\\\/camminareguarisce.it\\\/\",\"name\":\"Associazione Camminare guarisce\",\"description\":\"In cammino la vita cambia\",\"inLanguage\":\"it-IT\",\"publisher\":{\"@id\":\"https:\\\/\\\/camminareguarisce.it\\\/#organization\"}}]}\n\t\t<\/script>\n\t\t<!-- All in One SEO -->\n\n","aioseo_head_json":{"title":"Varcare la \u201cSOGLIA\u201d: verso l\u2019incontro di Perugia del 5 aprile \u2013 Associazione Camminare guarisce","description":"L'associazione \"camminare guarisce\" ha organizzato per il giorno 5 aprile a Perugia, l'incontro dal titolo \"un cammino per ricominciare\". Di cosa si tratta? Di un evento nel quale desideriamo mettere in dialogo diverse realt\u00e0 associative che hanno avviato dei progetti educativi in favore dei giovani con fragilit\u00e0 sociali e improntati sul cammino. A questo meeting","canonical_url":"https:\/\/camminareguarisce.it\/index.php\/2019\/03\/31\/varcare-la-soglia-verso-lincontro-del-5-aprile\/","robots":"max-image-preview:large","keywords":"associazione,camminare guarisce,senza categoria","webmasterTools":{"google-site-verification":"googlefa782f3bcf5da7dd.html","miscellaneous":""},"schema":{"@context":"https:\/\/schema.org","@graph":[{"@type":"BlogPosting","@id":"https:\/\/camminareguarisce.it\/index.php\/2019\/03\/31\/varcare-la-soglia-verso-lincontro-del-5-aprile\/#blogposting","name":"Varcare la \u201cSOGLIA\u201d: verso l\u2019incontro di Perugia del 5 aprile \u2013 Associazione Camminare guarisce","headline":"Varcare la &#8220;SOGLIA&#8221;: verso l&#8217;incontro di Perugia del 5 aprile","author":{"@id":"https:\/\/camminareguarisce.it\/index.php\/author\/andypoly2000yahoo-it\/#author"},"publisher":{"@id":"https:\/\/camminareguarisce.it\/#organization"},"image":{"@type":"ImageObject","url":"https:\/\/camminareguarisce.it\/wp-content\/uploads\/2019\/03\/helena-lopes-459331-unsplash-scaled.jpg","width":2560,"height":1707},"datePublished":"2019-03-31T10:43:05+00:00","dateModified":"2025-04-15T10:39:30+00:00","inLanguage":"it-IT","mainEntityOfPage":{"@id":"https:\/\/camminareguarisce.it\/index.php\/2019\/03\/31\/varcare-la-soglia-verso-lincontro-del-5-aprile\/#webpage"},"isPartOf":{"@id":"https:\/\/camminareguarisce.it\/index.php\/2019\/03\/31\/varcare-la-soglia-verso-lincontro-del-5-aprile\/#webpage"},"articleSection":"associazione, camminare guarisce, Senza categoria"},{"@type":"BreadcrumbList","@id":"https:\/\/camminareguarisce.it\/index.php\/2019\/03\/31\/varcare-la-soglia-verso-lincontro-del-5-aprile\/#breadcrumblist","itemListElement":[{"@type":"ListItem","@id":"https:\/\/camminareguarisce.it#listItem","position":1,"name":"Home","item":"https:\/\/camminareguarisce.it","nextItem":{"@type":"ListItem","@id":"https:\/\/camminareguarisce.it\/index.php\/category\/associazione\/#listItem","name":"associazione"}},{"@type":"ListItem","@id":"https:\/\/camminareguarisce.it\/index.php\/category\/associazione\/#listItem","position":2,"name":"associazione","item":"https:\/\/camminareguarisce.it\/index.php\/category\/associazione\/","nextItem":{"@type":"ListItem","@id":"https:\/\/camminareguarisce.it\/index.php\/2019\/03\/31\/varcare-la-soglia-verso-lincontro-del-5-aprile\/#listItem","name":"Varcare la &#8220;SOGLIA&#8221;: verso l&#8217;incontro di Perugia del 5 aprile"},"previousItem":{"@type":"ListItem","@id":"https:\/\/camminareguarisce.it#listItem","name":"Home"}},{"@type":"ListItem","@id":"https:\/\/camminareguarisce.it\/index.php\/2019\/03\/31\/varcare-la-soglia-verso-lincontro-del-5-aprile\/#listItem","position":3,"name":"Varcare la &#8220;SOGLIA&#8221;: verso l&#8217;incontro di Perugia del 5 aprile","previousItem":{"@type":"ListItem","@id":"https:\/\/camminareguarisce.it\/index.php\/category\/associazione\/#listItem","name":"associazione"}}]},{"@type":"Organization","@id":"https:\/\/camminareguarisce.it\/#organization","name":"Associazione Camminare guarisce","description":"In cammino la vita cambia","url":"https:\/\/camminareguarisce.it\/","telephone":"+393389362313","logo":{"@type":"ImageObject","url":"https:\/\/camminareguarisce.it\/wp-content\/uploads\/2022\/12\/logo-CG.png.png","@id":"https:\/\/camminareguarisce.it\/index.php\/2019\/03\/31\/varcare-la-soglia-verso-lincontro-del-5-aprile\/#organizationLogo","width":500,"height":500,"caption":"Associazione camminare gurisce"},"image":{"@id":"https:\/\/camminareguarisce.it\/index.php\/2019\/03\/31\/varcare-la-soglia-verso-lincontro-del-5-aprile\/#organizationLogo"},"sameAs":["https:\/\/www.facebook.com\/camminareguarisce","https:\/\/twitter.com\/AGuarisce","https:\/\/www.instagram.com\/camminareguarisce\/","https:\/\/www.youtube.com\/@associazionecamminareguarisce"]},{"@type":"Person","@id":"https:\/\/camminareguarisce.it\/index.php\/author\/andypoly2000yahoo-it\/#author","url":"https:\/\/camminareguarisce.it\/index.php\/author\/andypoly2000yahoo-it\/","name":"Andrea","image":{"@type":"ImageObject","@id":"https:\/\/camminareguarisce.it\/index.php\/2019\/03\/31\/varcare-la-soglia-verso-lincontro-del-5-aprile\/#authorImage","url":"https:\/\/secure.gravatar.com\/avatar\/2295ce0c763a4c8284832bb695a1010e67c0cbd4851a3d8b6e40c80f3de7ffe4?s=96&d=mm&r=g","width":96,"height":96,"caption":"Andrea"}},{"@type":"WebPage","@id":"https:\/\/camminareguarisce.it\/index.php\/2019\/03\/31\/varcare-la-soglia-verso-lincontro-del-5-aprile\/#webpage","url":"https:\/\/camminareguarisce.it\/index.php\/2019\/03\/31\/varcare-la-soglia-verso-lincontro-del-5-aprile\/","name":"Varcare la \u201cSOGLIA\u201d: verso l\u2019incontro di Perugia del 5 aprile \u2013 Associazione Camminare guarisce","description":"L'associazione \"camminare guarisce\" ha organizzato per il giorno 5 aprile a Perugia, l'incontro dal titolo \"un cammino per ricominciare\". Di cosa si tratta? Di un evento nel quale desideriamo mettere in dialogo diverse realt\u00e0 associative che hanno avviato dei progetti educativi in favore dei giovani con fragilit\u00e0 sociali e improntati sul cammino. A questo meeting","inLanguage":"it-IT","isPartOf":{"@id":"https:\/\/camminareguarisce.it\/#website"},"breadcrumb":{"@id":"https:\/\/camminareguarisce.it\/index.php\/2019\/03\/31\/varcare-la-soglia-verso-lincontro-del-5-aprile\/#breadcrumblist"},"author":{"@id":"https:\/\/camminareguarisce.it\/index.php\/author\/andypoly2000yahoo-it\/#author"},"creator":{"@id":"https:\/\/camminareguarisce.it\/index.php\/author\/andypoly2000yahoo-it\/#author"},"image":{"@type":"ImageObject","url":"https:\/\/camminareguarisce.it\/wp-content\/uploads\/2019\/03\/helena-lopes-459331-unsplash-scaled.jpg","@id":"https:\/\/camminareguarisce.it\/index.php\/2019\/03\/31\/varcare-la-soglia-verso-lincontro-del-5-aprile\/#mainImage","width":2560,"height":1707},"primaryImageOfPage":{"@id":"https:\/\/camminareguarisce.it\/index.php\/2019\/03\/31\/varcare-la-soglia-verso-lincontro-del-5-aprile\/#mainImage"},"datePublished":"2019-03-31T10:43:05+00:00","dateModified":"2025-04-15T10:39:30+00:00"},{"@type":"WebSite","@id":"https:\/\/camminareguarisce.it\/#website","url":"https:\/\/camminareguarisce.it\/","name":"Associazione Camminare guarisce","description":"In cammino la vita cambia","inLanguage":"it-IT","publisher":{"@id":"https:\/\/camminareguarisce.it\/#organization"}}]},"og:locale":"it_IT","og:site_name":"Associazione Camminare guarisce \u2013 In cammino la vita cambia","og:type":"article","og:title":"Varcare la \u201cSOGLIA\u201d: verso l\u2019incontro di Perugia del 5 aprile \u2013 Associazione Camminare guarisce","og:description":"L'associazione &quot;camminare guarisce&quot; ha organizzato per il giorno 5 aprile a Perugia, l'incontro dal titolo &quot;un cammino per ricominciare&quot;. Di cosa si tratta? Di un evento nel quale desideriamo mettere in dialogo diverse realt\u00e0 associative che hanno avviato dei progetti educativi in favore dei giovani con fragilit\u00e0 sociali e improntati sul cammino. A questo meeting","og:url":"https:\/\/camminareguarisce.it\/index.php\/2019\/03\/31\/varcare-la-soglia-verso-lincontro-del-5-aprile\/","og:image":"https:\/\/camminareguarisce.it\/wp-content\/uploads\/2022\/12\/copertina-home.jpg","og:image:secure_url":"https:\/\/camminareguarisce.it\/wp-content\/uploads\/2022\/12\/copertina-home.jpg","og:image:width":1920,"og:image:height":1080,"article:published_time":"2019-03-31T09:43:05+00:00","article:modified_time":"2025-04-15T10:39:30+00:00","article:publisher":"https:\/\/www.facebook.com\/camminareguarisce","twitter:card":"summary_large_image","twitter:site":"@AGuarisce","twitter:title":"Varcare la \u201cSOGLIA\u201d: verso l\u2019incontro di Perugia del 5 aprile \u2013 Associazione Camminare guarisce","twitter:description":"L'associazione &quot;camminare guarisce&quot; ha organizzato per il giorno 5 aprile a Perugia, l'incontro dal titolo &quot;un cammino per ricominciare&quot;. Di cosa si tratta? Di un evento nel quale desideriamo mettere in dialogo diverse realt\u00e0 associative che hanno avviato dei progetti educativi in favore dei giovani con fragilit\u00e0 sociali e improntati sul cammino. A questo meeting","twitter:creator":"@AGuarisce","twitter:image":"https:\/\/camminareguarisce.it\/wp-content\/uploads\/2022\/12\/copertina-home.jpg"},"aioseo_meta_data":{"post_id":"3113","title":null,"description":null,"keywords":null,"keyphrases":null,"primary_term":null,"canonical_url":null,"og_title":null,"og_description":null,"og_object_type":"default","og_image_type":"default","og_image_url":null,"og_image_width":null,"og_image_height":null,"og_image_custom_url":null,"og_image_custom_fields":null,"og_video":null,"og_custom_url":null,"og_article_section":null,"og_article_tags":null,"twitter_use_og":false,"twitter_card":"default","twitter_image_type":"default","twitter_image_url":null,"twitter_image_custom_url":null,"twitter_image_custom_fields":null,"twitter_title":null,"twitter_description":null,"schema":{"blockGraphs":[],"customGraphs":[],"default":{"data":{"Article":[],"Course":[],"Dataset":[],"FAQPage":[],"Movie":[],"Person":[],"Product":[],"ProductReview":[],"Car":[],"Recipe":[],"Service":[],"SoftwareApplication":[],"WebPage":[]},"graphName":"","isEnabled":true},"graphs":[]},"schema_type":"default","schema_type_options":null,"pillar_content":false,"robots_default":true,"robots_noindex":false,"robots_noarchive":false,"robots_nosnippet":false,"robots_nofollow":false,"robots_noimageindex":false,"robots_noodp":false,"robots_notranslate":false,"robots_max_snippet":null,"robots_max_videopreview":null,"robots_max_imagepreview":"large","priority":null,"frequency":null,"local_seo":null,"breadcrumb_settings":null,"limit_modified_date":false,"ai":null,"created":"2022-12-03 09:55:04","updated":"2025-09-19 22:19:02","seo_analyzer_scan_date":null},"aioseo_breadcrumb":"<div class=\"aioseo-breadcrumbs\"><span class=\"aioseo-breadcrumb\">\n\t\t\t<a href=\"https:\/\/camminareguarisce.it\" title=\"Home\">Home<\/a>\n\t\t<\/span><span class=\"aioseo-breadcrumb-separator\">&raquo;<\/span><span class=\"aioseo-breadcrumb\">\n\t\t\t<a href=\"https:\/\/camminareguarisce.it\/index.php\/category\/associazione\/\" title=\"associazione\">associazione<\/a>\n\t\t<\/span><span class=\"aioseo-breadcrumb-separator\">&raquo;<\/span><span class=\"aioseo-breadcrumb\">\n\t\t\tVarcare la \u201cSOGLIA\u201d: verso l\u2019incontro di Perugia del 5 aprile\n\t\t<\/span><\/div>","aioseo_breadcrumb_json":[{"label":"Home","link":"https:\/\/camminareguarisce.it"},{"label":"associazione","link":"https:\/\/camminareguarisce.it\/index.php\/category\/associazione\/"},{"label":"Varcare la &#8220;SOGLIA&#8221;: verso l&#8217;incontro di Perugia del 5 aprile","link":"https:\/\/camminareguarisce.it\/index.php\/2019\/03\/31\/varcare-la-soglia-verso-lincontro-del-5-aprile\/"}],"_links":{"self":[{"href":"https:\/\/camminareguarisce.it\/index.php\/wp-json\/wp\/v2\/posts\/3113","targetHints":{"allow":["GET"]}}],"collection":[{"href":"https:\/\/camminareguarisce.it\/index.php\/wp-json\/wp\/v2\/posts"}],"about":[{"href":"https:\/\/camminareguarisce.it\/index.php\/wp-json\/wp\/v2\/types\/post"}],"author":[{"embeddable":true,"href":"https:\/\/camminareguarisce.it\/index.php\/wp-json\/wp\/v2\/users\/2"}],"replies":[{"embeddable":true,"href":"https:\/\/camminareguarisce.it\/index.php\/wp-json\/wp\/v2\/comments?post=3113"}],"version-history":[{"count":1,"href":"https:\/\/camminareguarisce.it\/index.php\/wp-json\/wp\/v2\/posts\/3113\/revisions"}],"predecessor-version":[{"id":6119,"href":"https:\/\/camminareguarisce.it\/index.php\/wp-json\/wp\/v2\/posts\/3113\/revisions\/6119"}],"wp:featuredmedia":[{"embeddable":true,"href":"https:\/\/camminareguarisce.it\/index.php\/wp-json\/wp\/v2\/media\/3115"}],"wp:attachment":[{"href":"https:\/\/camminareguarisce.it\/index.php\/wp-json\/wp\/v2\/media?parent=3113"}],"wp:term":[{"taxonomy":"category","embeddable":true,"href":"https:\/\/camminareguarisce.it\/index.php\/wp-json\/wp\/v2\/categories?post=3113"},{"taxonomy":"post_tag","embeddable":true,"href":"https:\/\/camminareguarisce.it\/index.php\/wp-json\/wp\/v2\/tags?post=3113"}],"curies":[{"name":"wp","href":"https:\/\/api.w.org\/{rel}","templated":true}]}}