{"id":1106,"date":"2018-03-31T09:19:27","date_gmt":"2018-03-31T08:19:27","guid":{"rendered":"https:\/\/associazionecamminareguarisce.it\/?p=1106"},"modified":"2025-04-15T10:39:48","modified_gmt":"2025-04-15T10:39:48","slug":"impronte-un-gruppo-di-donne-in-cammino-per-attraversare-la-malattia","status":"publish","type":"post","link":"https:\/\/camminareguarisce.it\/index.php\/2018\/03\/31\/impronte-un-gruppo-di-donne-in-cammino-per-attraversare-la-malattia\/","title":{"rendered":"&#8220;Impronte&#8221;: un gruppo di donne in cammino per attraversare la malattia"},"content":{"rendered":"<p style=\"text-align: justify;\">\u201c<em>La strada ci cura perch\u00e9 ci allontana da noi stessi<\/em>\u201d, Duccio Demetrio introduce cos\u00ec un capitolo del suo libro sul senso del cammino. Mettendoci in cammino, possiamo capire di pi\u00f9 chi siamo e cosa desideriamo, perch\u00e9 ci stacchiamo dai luoghi noti, dalle abitudini, perch\u00e9 ci mettiamo alla prova.\u00a0La natura che avvolge e traccia i sentieri, ci invita ad ascoltarci e ad osservare la modalit\u00e0 del nostro andare, che spesso va di pari passo con i nostri stati d\u2019animo.<\/p>\n<p style=\"text-align: justify;\">Il Progetto Impronte \u00e8 la parte del mio curriculum che ora amo di pi\u00f9! Lavoro come psico-oncologa da quindici anni per la Lega Italiana per la Lotta contro i Tumori di Firenze, e ho potuto fare esperienze di formazione e conoscere docenti eccezionali, sia nazionali che internazionali, alla ricerca sempre di nuovi stimoli e approcci, da proporre ai miei pazienti e soprattutto nella conduzione dei gruppi.\u00a0Ho sempre sognato per\u00f2 qualcosa che andasse un po\u2019 \u201coltre\u201d le stanze\u2026<\/p>\n<p style=\"text-align: justify;\">E\u2019 stato durante il primo cammino verso Santiago di Compostela, che ho sentito e immaginato su quei sentieri prima i miei figli e subito dopo le \u201cnostre\u201d donne!\u00a0E cos\u00ec quest\u2019anno mi sono letteralmente lanciata nell\u2019organizzare delle camminate \u201cpsico-sociali\u201d che prevedono la presenza della psico-oncologa e dell\u2019insegnante di attivit\u00e0 motoria adattata, con l\u2019obiettivo di stare insieme nella natura, apprezzare l\u2019arte dei luoghi che visitiamo e, soprattutto, innalzare lo spirito!<\/p>\n<p><img loading=\"lazy\" decoding=\"async\" src=\"https:\/\/associazionecamminareguarisce.it\/wp-content\/uploads\/2018\/03\/e06777dc-64b1-4e7b-94c9-928a5c3e5bc5.jpg\" sizes=\"(max-width: 1600px) 100vw, 1600px\" srcset=\"https:\/\/associazionecamminareguarisce.it\/wp-content\/uploads\/2018\/03\/e06777dc-64b1-4e7b-94c9-928a5c3e5bc5.jpg 1600w, https:\/\/associazionecamminareguarisce.it\/wp-content\/uploads\/2018\/03\/e06777dc-64b1-4e7b-94c9-928a5c3e5bc5-300x225.jpg 300w, https:\/\/associazionecamminareguarisce.it\/wp-content\/uploads\/2018\/03\/e06777dc-64b1-4e7b-94c9-928a5c3e5bc5-1024x768.jpg 1024w, https:\/\/associazionecamminareguarisce.it\/wp-content\/uploads\/2018\/03\/e06777dc-64b1-4e7b-94c9-928a5c3e5bc5-768x576.jpg 768w, https:\/\/associazionecamminareguarisce.it\/wp-content\/uploads\/2018\/03\/e06777dc-64b1-4e7b-94c9-928a5c3e5bc5-1536x1152.jpg 1536w, https:\/\/associazionecamminareguarisce.it\/wp-content\/uploads\/2018\/03\/e06777dc-64b1-4e7b-94c9-928a5c3e5bc5-320x240.jpg 320w, https:\/\/associazionecamminareguarisce.it\/wp-content\/uploads\/2018\/03\/e06777dc-64b1-4e7b-94c9-928a5c3e5bc5-640x480.jpg 640w, https:\/\/associazionecamminareguarisce.it\/wp-content\/uploads\/2018\/03\/e06777dc-64b1-4e7b-94c9-928a5c3e5bc5-360x270.jpg 360w, https:\/\/associazionecamminareguarisce.it\/wp-content\/uploads\/2018\/03\/e06777dc-64b1-4e7b-94c9-928a5c3e5bc5-720x540.jpg 720w, https:\/\/associazionecamminareguarisce.it\/wp-content\/uploads\/2018\/03\/e06777dc-64b1-4e7b-94c9-928a5c3e5bc5-1080x810.jpg 1080w, https:\/\/associazionecamminareguarisce.it\/wp-content\/uploads\/2018\/03\/e06777dc-64b1-4e7b-94c9-928a5c3e5bc5-800x600.jpg 800w, https:\/\/associazionecamminareguarisce.it\/wp-content\/uploads\/2018\/03\/e06777dc-64b1-4e7b-94c9-928a5c3e5bc5-1280x960.jpg 1280w\" alt=\"articolo blog\" width=\"1600\" height=\"1200\" \/><\/p>\n<p style=\"text-align: justify;\">Impronte perch\u00e9 seguiremo sentieri percorsi da altri, sentieri colmi di storie di vita, di dolori e di sorrisi, di canti che rinforzano la speranza, le energie, sentieri che hanno assorbito altre impronte, e sui quali lasceremo le nostre\u2026<\/p>\n<p style=\"text-align: justify;\">\u201c<em>Il cammino dell\u2019uomo<\/em>\u201d di Martin Buber \u00e8 un libro che propongo spesso come lettura, perch\u00e9 ci spinge oltre e ci interroga nel profondo: \u201cC\u2019\u00e8 una domanda che sorge all\u2019alba dell\u2019umanit\u00e0 e che accompagna la storia di ogni essere umano, in qualsiasi tempo, in qualsiasi luogo, in qualsiasi situazione: <em>Dove sei? <\/em>e ancora,<em> Dove ti trovi in questo momento? Sei in cammino? E se s\u00ec, in quale punto sei? In quale direzione stai andando?\u201d<\/em>Finch\u00e9 non rispondiamo a queste domande, la vita non pu\u00f2 diventare Cammino\u2026<\/p>\n<p style=\"text-align: justify;\">L\u2019idea di camminare insieme nasce anche dal bisogno di riflettere sulle domande che la malattia pone, alle quali forse insieme potremo rispondere, dal desiderio di nutrirci della natura e farci guidare dalle emozioni.\u00a0La prima camminata \u00e8 stata un grande successo, abbiamo percorso la zona del Parco del Mensola fino a Settignano, alternando il silenzio (ben poco in realt\u00e0!) a spiegazioni artistiche e letterarie, a fotografie e racconti.\u00a0La seconda sar\u00e0 nei boschi del Convento di Montesenario e sul \u201cSentiero di Andrea\u201d e prevede una visita all\u2019interno del convento per conoscere l\u2019Ordine dei Servi di Maria.\u00a0E fino a dicembre ogni mese, ci sar\u00e0 un sabato per Impronte, e le proposte arrivano dai partecipanti del gruppo!<\/p>\n<p><img loading=\"lazy\" decoding=\"async\" src=\"https:\/\/associazionecamminareguarisce.it\/wp-content\/uploads\/2018\/03\/IMG_5104.jpg\" sizes=\"(max-width: 2048px) 100vw, 2048px\" srcset=\"https:\/\/associazionecamminareguarisce.it\/wp-content\/uploads\/2018\/03\/IMG_5104.jpg 2048w, https:\/\/associazionecamminareguarisce.it\/wp-content\/uploads\/2018\/03\/IMG_5104-300x169.jpg 300w, https:\/\/associazionecamminareguarisce.it\/wp-content\/uploads\/2018\/03\/IMG_5104-1024x576.jpg 1024w, https:\/\/associazionecamminareguarisce.it\/wp-content\/uploads\/2018\/03\/IMG_5104-768x432.jpg 768w, https:\/\/associazionecamminareguarisce.it\/wp-content\/uploads\/2018\/03\/IMG_5104-1536x864.jpg 1536w, https:\/\/associazionecamminareguarisce.it\/wp-content\/uploads\/2018\/03\/IMG_5104-320x180.jpg 320w, https:\/\/associazionecamminareguarisce.it\/wp-content\/uploads\/2018\/03\/IMG_5104-640x360.jpg 640w, https:\/\/associazionecamminareguarisce.it\/wp-content\/uploads\/2018\/03\/IMG_5104-360x203.jpg 360w, https:\/\/associazionecamminareguarisce.it\/wp-content\/uploads\/2018\/03\/IMG_5104-720x405.jpg 720w, https:\/\/associazionecamminareguarisce.it\/wp-content\/uploads\/2018\/03\/IMG_5104-1080x608.jpg 1080w, https:\/\/associazionecamminareguarisce.it\/wp-content\/uploads\/2018\/03\/IMG_5104-800x450.jpg 800w, https:\/\/associazionecamminareguarisce.it\/wp-content\/uploads\/2018\/03\/IMG_5104-1280x720.jpg 1280w\" alt=\"articolo blog\" width=\"2048\" height=\"1152\" \/><\/p>\n<p style=\"text-align: justify;\">Ho conosciuto Andrea Polidoro leggendo il suo blog \u201cUn cammino per ricominciare\u201d il luned\u00ec sera del 9 febbraio, mentre cercavo spunti di riflessione. Andrea mi racconta con un entusiasmo contagioso di Fabrizio Pepini e il suo libro \u201cCamminare guarisce\u201d, e nel giro di poche ore decidono che la mattina dopo sarebbero partiti da Passignano per partecipare all\u2019incontro del 10 febbraio del Marted\u00ec del Ce.Ri.On. Centro di Riabilitazione Oncologica di Firenze\u2013 incontri mensili di prevenzione e stili di vita organizzati con LILT e ISPRO- sul tema dell\u2019alimentazione sana, l\u2019attivit\u00e0 motoria e anche l\u2019esperienza del cammino.\u00a0E\u2019 stata una grande emozione poter ascoltare la storia Di Fabrizio, e leggere negli occhi dei nostri pazienti la speranza!\u00a0La serata si \u00e8 conclusa con la presentazione della Via del Trasimeno, e come immaginavo, il gruppo Impronte ha aderito immediatamente alla proposta di Andrea e Fabrizio di provare questo nuovo e affascinante percorso!<\/p>\n<p style=\"text-align: justify;\">Voglio ringraziare Giovanna Franchi, psicologa e psicoterapeuta, responsabile del Servizio di Psico-Oncologia della LILT-Ce.Ri.On. e Maria Grazia Muraca, medico responsabile della Struttura Semplice di Riabilitazione dell\u2019ISPRO, per il continuo sostegno e la condivisione di grandi progetti.\u00a0Daniela Mirandola, insegnante di attivit\u00e0 motoria adattata, che \u201csorveglia\u201d il buon passo di tutti noi.<\/p>\n<p style=\"text-align: justify;\">E ringrazio di cuore tutti i pazienti che con gioia stanno lasciando le loro impronte!\u00a0Siamo andati ben oltre le stanze, siamo andati l\u00e0 dove le anime si curano con abbracci, racconti, sguardi\u2026<\/p>\n<p>Alice Maruelli<\/p>\n<p>[responsivevoice_button voice=&#8221;Italian Female&#8221; buttontext=&#8221;Ascolta&#8221;]<\/p>\n","protected":false},"excerpt":{"rendered":"<p>\u201cLa strada ci cura perch\u00e9 ci allontana da noi stessi\u201d, Duccio Demetrio introduce cos\u00ec un capitolo del suo libro sul senso del cammino. Mettendoci in cammino, possiamo capire di pi\u00f9 chi siamo e cosa desideriamo, perch\u00e9 ci stacchiamo dai luoghi noti, dalle abitudini, perch\u00e9 ci mettiamo alla prova.\u00a0La natura che avvolge e traccia i sentieri, [&hellip;]<\/p>\n","protected":false},"author":2,"featured_media":1107,"comment_status":"closed","ping_status":"open","sticky":false,"template":"","format":"standard","meta":{"_et_pb_use_builder":"","_et_pb_old_content":"","_et_gb_content_width":"","footnotes":""},"categories":[5,8,12],"tags":[20,22],"class_list":["post-1106","post","type-post","status-publish","format-standard","has-post-thumbnail","hentry","category-caminar-cura","category-camminare-guarisce","category-marcher-guerit","tag-camminare-guarisce","tag-il-cammino"],"aioseo_notices":[],"_links":{"self":[{"href":"https:\/\/camminareguarisce.it\/index.php\/wp-json\/wp\/v2\/posts\/1106","targetHints":{"allow":["GET"]}}],"collection":[{"href":"https:\/\/camminareguarisce.it\/index.php\/wp-json\/wp\/v2\/posts"}],"about":[{"href":"https:\/\/camminareguarisce.it\/index.php\/wp-json\/wp\/v2\/types\/post"}],"author":[{"embeddable":true,"href":"https:\/\/camminareguarisce.it\/index.php\/wp-json\/wp\/v2\/users\/2"}],"replies":[{"embeddable":true,"href":"https:\/\/camminareguarisce.it\/index.php\/wp-json\/wp\/v2\/comments?post=1106"}],"version-history":[{"count":1,"href":"https:\/\/camminareguarisce.it\/index.php\/wp-json\/wp\/v2\/posts\/1106\/revisions"}],"predecessor-version":[{"id":6122,"href":"https:\/\/camminareguarisce.it\/index.php\/wp-json\/wp\/v2\/posts\/1106\/revisions\/6122"}],"wp:featuredmedia":[{"embeddable":true,"href":"https:\/\/camminareguarisce.it\/index.php\/wp-json\/wp\/v2\/media\/1107"}],"wp:attachment":[{"href":"https:\/\/camminareguarisce.it\/index.php\/wp-json\/wp\/v2\/media?parent=1106"}],"wp:term":[{"taxonomy":"category","embeddable":true,"href":"https:\/\/camminareguarisce.it\/index.php\/wp-json\/wp\/v2\/categories?post=1106"},{"taxonomy":"post_tag","embeddable":true,"href":"https:\/\/camminareguarisce.it\/index.php\/wp-json\/wp\/v2\/tags?post=1106"}],"curies":[{"name":"wp","href":"https:\/\/api.w.org\/{rel}","templated":true}]}}