{"id":1069,"date":"2018-02-25T17:45:38","date_gmt":"2018-02-25T16:45:38","guid":{"rendered":"https:\/\/associazionecamminareguarisce.it\/?p=1069"},"modified":"2025-04-15T10:40:01","modified_gmt":"2025-04-15T10:40:01","slug":"ferite","status":"publish","type":"post","link":"https:\/\/camminareguarisce.it\/index.php\/2018\/02\/25\/ferite\/","title":{"rendered":"Ferite"},"content":{"rendered":"<p style=\"text-align: justify;\">Il viaggio pi\u00f9 importante che possiamo vivere \u00e8 probabilmente quello verso noi stessi. La Vita non \u00e8 fondamentalmente un lungo \u201critorno a casa\u201d? Eppure quanta fatica a trovare la strada giusta, malgrado la Vita in certi giorni sembri incredibilmente semplice\u2026<\/p>\n<p style=\"text-align: justify;\">Ci incartiamo. Ci annodiamo su noi stessi. Ci affossiamo nelle nostre sabbie mobili. Restiamo sommersi dalla matassa delle cose accumulate nei giorni che passano. Ci disorientiamo, smarriamo la strada buona, incapaci come siamo di vedere.<\/p>\n<p style=\"text-align: justify;\">C\u2019\u00e8 un \u201cnodo primordiale\u201d che forse complica le cose e consiste nel fatto che la Vita inevitabilmente \u201cfa male\u201d: sfregia, graffia, incide, lascia cicatrici, traumi, botte.<\/p>\n<p style=\"text-align: justify;\">\u00c8 una di quelle cose cui non sembra esserci rimedio, perch\u00e9 anche nelle situazioni pi\u00f9 protette e intrise di amore sano, non riusciamo a non farci male. Siamo tutti dei feriti che feriscono, certo, nella stragrande maggioranza delle situazioni in modo del tutto inconsapevole e involontario. Siamo dei feriti incoscienti che feriscono inconsciamente!<\/p>\n<p style=\"text-align: justify;\">Continuo sempre a pensare che noi umani abbiamo tutti i mezzi e le risorse per vivere meglio, e non parlo di progresso tecnologico ma di crescita umana, la pi\u00f9 importante!<\/p>\n<p style=\"text-align: justify;\">Continuo a sognare un mondo nel quale noi persone possiamo diventare pienamente noi stessi ed essere cos\u00ec finalmente &#8220;umani&#8221;. Non siamo ancora troppo lontani da noi? Non navighiamo ancora troppo solo sulla superficie delle cose e troppo vicino a coste sicure, senza scegliere le rotte veramente importanti per far crescere il nostro mondo?<\/p>\n<p style=\"text-align: justify;\">Dovremmo imparare a prenderci cura di noi. Dovremmo prenderci cura delle nostre ferite. Le ferite hanno troppo il sopravvento sulle nostre vite, noi che ingenuamente pensiamo di detenere il controllo e di essere i capi supremi delle nostre decisioni. Ci sono spesso due subdole presenze che si nascondono nella centralina di comando delle nostre esistenze: le <strong>paure<\/strong> e le <strong>ferite<\/strong>.<\/p>\n<p style=\"text-align: justify;\">Guardiamoci: sono troppo spesso le ferite a parlare per noi! Nelle nostre conversazioni roventi o le discussioni senza capo n\u00e9 coda, c\u2019\u00e8 la regia delle nostre ferite. Dietro le nostre rabbie represse o mal comunicate, dietro i nostri eccessi di ira o i nostri mal di pancia, covano le nostre ferite. Guardate gli spaccati della nostra societ\u00e0: i social network, la televisione, gli stadi, gli ambienti di lavoro, i luoghi di aggregazione, ecc. Dove ci sono delle tensioni, degli scontri, delle violenze, delle ingiustizie, delle scorrettezze, delle prepotenze, troverete che tutto \u00e8 mosso dalle ferite. Guardiamo anche pi\u00f9 banalmente la nostra vita di tutti i giorni, trascorsa con le persone che amiamo, i nostri amici, i nostri colleghi: tante incomprensioni, tanti risentimenti e rancori, tante asprezze e insensibilit\u00e0, tanti disagi e malumori, tanti pesi e sofferenze, sono lampanti espressioni delle ferite che parlano dentro di noi!<\/p>\n<p style=\"text-align: justify;\">Dovremmo imparare a riconoscere il loro linguaggio, le loro reazioni, i loro sospetti, le loro armi di difese e di attacco.<\/p>\n<p style=\"text-align: justify;\">Arriva un momento nella vita \u2013 e lo si spera per tutti \u2013 in cui si sente il bisogno di zittire tutto questo vociare dentro di noi e far risuonare una pace silenziosa. Arriva un momento in cui questa \u201cdittatura emozionale\u201d merita di essere destituita per far regnare quella democratica armonia che nasce dalla consapevolezza di s\u00e9, in cui c\u2019\u00e8 posto per ogni cosa e per tutti!<\/p>\n<p style=\"text-align: justify;\">Stiamo sempre troppo inutilmente male per le nostre ferite. Sta male il mondo.<\/p>\n<p style=\"text-align: justify;\">Mi piacerebbe che nei programmi politici di chi aspira a governare un paese ci fosse anche un\u2019attenzione all\u2019anima delle persone. Mi piacerebbe che un politico, oltre a fare i ripetitivi populistici proclami e parlare per slogan che toccano \u201cle ferite e le paure\u201d della gente, annunciassero un autentico desiderio di prendersi cura delle persone, del loro benessere, della qualit\u00e0 della loro vita, al di l\u00e0 dei soliti discorsi inerenti all\u2019economia e al dio mercato.<\/p>\n<p style=\"text-align: justify;\">Sogno un mondo nel quale si possa parlare anche altri linguaggi oltre a quello prettamente economico, un mondo nel quale sempre pi\u00f9 persone decidano di prendersi cura delle proprie ferite per ripartire con uno sguardo completamente nuovo sulla vita!<\/p>\n<p style=\"text-align: justify;\">Il cammino \u00e8 sempre uno splendido spazio che ci mette nelle condizioni ideali per prenderci cura di noi. In cammino, i vecchi dischi rotti che continuano a girarci nella testa e a cantarcela, diventano una noiosa compagnia e impariamo a disfarcene. In cammino, passo dopo passo, impariamo a guarire dentro e far fiorire una solida pace.<\/p>\n<p style=\"text-align: justify;\">Lo sguardo cambia, cos\u00ec come la vita e il modo di viverla.<\/p>\n<p style=\"text-align: justify;\">Allora impareremo non pi\u00f9 a ferire ma a fare delle nostre ferite guarite, il mezzo pi\u00f9 meraviglioso per capire le persone che abbiamo la fortuna di incontrare e per creare spazi di umanit\u00e0 e di compassione. Non \u00e8 di questo che prima di ogni cosa ha bisogno il mondo?<\/p>\n<p>[responsivevoice_button voice=&#8221;Italian Female&#8221; buttontext=&#8221;Ascolta&#8221;]<\/p>\n","protected":false},"excerpt":{"rendered":"<p>Il viaggio pi\u00f9 importante che possiamo vivere \u00e8 probabilmente quello verso noi stessi. La Vita non \u00e8 fondamentalmente un lungo \u201critorno a casa\u201d? Eppure quanta fatica a trovare la strada giusta, malgrado la Vita in certi giorni sembri incredibilmente semplice\u2026 Ci incartiamo. Ci annodiamo su noi stessi. Ci affossiamo nelle nostre sabbie mobili. Restiamo sommersi [&hellip;]<\/p>\n","protected":false},"author":2,"featured_media":1070,"comment_status":"closed","ping_status":"open","sticky":false,"template":"","format":"standard","meta":{"_et_pb_use_builder":"","_et_pb_old_content":"","_et_gb_content_width":"","footnotes":""},"categories":[8,9,16],"tags":[],"class_list":["post-1069","post","type-post","status-publish","format-standard","has-post-thumbnail","hentry","category-camminare-guarisce","category-cammino","category-vivere"],"aioseo_notices":[],"_links":{"self":[{"href":"https:\/\/camminareguarisce.it\/index.php\/wp-json\/wp\/v2\/posts\/1069","targetHints":{"allow":["GET"]}}],"collection":[{"href":"https:\/\/camminareguarisce.it\/index.php\/wp-json\/wp\/v2\/posts"}],"about":[{"href":"https:\/\/camminareguarisce.it\/index.php\/wp-json\/wp\/v2\/types\/post"}],"author":[{"embeddable":true,"href":"https:\/\/camminareguarisce.it\/index.php\/wp-json\/wp\/v2\/users\/2"}],"replies":[{"embeddable":true,"href":"https:\/\/camminareguarisce.it\/index.php\/wp-json\/wp\/v2\/comments?post=1069"}],"version-history":[{"count":1,"href":"https:\/\/camminareguarisce.it\/index.php\/wp-json\/wp\/v2\/posts\/1069\/revisions"}],"predecessor-version":[{"id":6124,"href":"https:\/\/camminareguarisce.it\/index.php\/wp-json\/wp\/v2\/posts\/1069\/revisions\/6124"}],"wp:featuredmedia":[{"embeddable":true,"href":"https:\/\/camminareguarisce.it\/index.php\/wp-json\/wp\/v2\/media\/1070"}],"wp:attachment":[{"href":"https:\/\/camminareguarisce.it\/index.php\/wp-json\/wp\/v2\/media?parent=1069"}],"wp:term":[{"taxonomy":"category","embeddable":true,"href":"https:\/\/camminareguarisce.it\/index.php\/wp-json\/wp\/v2\/categories?post=1069"},{"taxonomy":"post_tag","embeddable":true,"href":"https:\/\/camminareguarisce.it\/index.php\/wp-json\/wp\/v2\/tags?post=1069"}],"curies":[{"name":"wp","href":"https:\/\/api.w.org\/{rel}","templated":true}]}}