{"id":1062,"date":"2018-02-09T07:00:12","date_gmt":"2018-02-09T06:00:12","guid":{"rendered":"https:\/\/associazionecamminareguarisce.it\/?p=1062"},"modified":"2025-04-15T10:40:06","modified_gmt":"2025-04-15T10:40:06","slug":"un-cammino-obbligato-educare-la-violenza","status":"publish","type":"post","link":"https:\/\/camminareguarisce.it\/index.php\/2018\/02\/09\/un-cammino-obbligato-educare-la-violenza\/","title":{"rendered":"Un cammino obbligato: educare la violenza"},"content":{"rendered":"\n<p>La violenza. Se ne parla anche troppo, ma il problema \u00e8 che lo si fa molto spesso in modo morboso, altre volte spettacolarizzandola, altre demonizzandola. In un mondo che scoppia di immagini e di parole, siamo costantemente bombardati da messaggi di violenza.<br>Dobbiamo riconoscere che la violenza, in tutte le sue variegate manifestazioni, rappresenta davvero uno dei punti nevralgici pi\u00f9 delicati della vita delle persone e delle societ\u00e0, forse il pi\u00f9 importante, e da essa si generano catene di sofferenze e di dolore che seguitano a perpetuarsi nei giorni e nella storia.<br>\u00c8 evidente che l\u2019uomo ha un serio problema con la sua pulsione alla violenza, e che non ha ancora trovato i modi per disinnescare quei meccanismi che la creano e la alimentano.<br>Tutte le scienze si sono fermate a studiare il fenomeno, e sono stati scritti fior di trattati su questo argomento da persone ovviamente pi\u00f9 preparate e autorevoli di me.<\/p>\n\n\n\n<p>Eppure ogni giorno siamo spettatori di episodi e di storie di violenza che fanno male, e non possiamo negare quanto la violenza sia una forza che vive nei bassifondi delle nostre vite interiori.<br>Chi ci pu\u00f2 aiutare ad addomesticarla? Abbiamo bisogno di parlare della violenza in modo costruttivo, altrimenti certi meccanismi non verranno mai recisi.<\/p>\n\n\n\n<p>Stupisce quanto l\u2019uomo sia in bal\u00eca di questi movimenti che si agitano nelle profondit\u00e0, soprattutto l\u00e0 dove le acque appaiono pi\u00f9 calme e niente lascia preannunciare manifestazioni di violenza irrefrenabili.<br>Forse l\u2019errore \u00e8 la negazione di questa pulsione, o forse l\u2019illusione di credere che possa essere contenuta mettendola dentro una solida gabbia di regole e di codici.<br>Forse anche la non-violenza \u00e8 in qualche modo una legittimazione della violenza, proprio nel momento stesso in cui cerca di contrapporvisi.<\/p>\n\n\n\n<p>Non pretendo avere risposte n\u00e9 quanto meno la giusta analisi di questo doloroso aspetto della vita del mondo, ma mi disarma il fatto che la violenza domini incontrastata.<\/p>\n\n\n\n<p>Eppure sono convinto che la violenza andrebbe soprattutto educata. Se sin da piccoli, fossimo aiutatati a riconoscerla dentro di noi e la smettessimo di farne un tab\u00f9, un qualcosa che non ci appartiene e che invece caratterizza solo \u201cuomini cattivi\u201d contro cui puntare il dito, loro che sono le mele marce di una societ\u00e0 civile e equilibrata, forse faremmo crescere in modo costruttivo anche questa dimensione della nostra persona. Perch\u00e9 la violenza sembra essere sempre un problema degli altri. Se fossimo educati a riconoscere questa forza \u201cselvaggia\u201d e imparassimo a veicolarla sfruttandone le sue potenzialit\u00e0 positive, forse il mondo avrebbe un alto aspetto. Perch\u00e9 anche la pulsione a fare del male \u00e8 una forza \u201cnostra\u201d, e che pu\u00f2 essere slegata dall\u2019istinto a distruggere e distruggersi, per invece crescere insieme.<\/p>\n\n\n\n<figure class=\"wp-block-image\"><img loading=\"lazy\" decoding=\"async\" width=\"300\" height=\"225\" src=\"https:\/\/associazionecamminareguarisce.it\/wp-content\/uploads\/2018\/02\/IMG_1952-300x225.jpg\" alt=\"\" class=\"wp-image-2596\" srcset=\"https:\/\/camminareguarisce.it\/wp-content\/uploads\/2018\/02\/IMG_1952-300x225.jpg 300w, https:\/\/camminareguarisce.it\/wp-content\/uploads\/2018\/02\/IMG_1952-1024x767.jpg 1024w, https:\/\/camminareguarisce.it\/wp-content\/uploads\/2018\/02\/IMG_1952-768x575.jpg 768w, https:\/\/camminareguarisce.it\/wp-content\/uploads\/2018\/02\/IMG_1952-1536x1151.jpg 1536w, https:\/\/camminareguarisce.it\/wp-content\/uploads\/2018\/02\/IMG_1952-2048x1534.jpg 2048w, https:\/\/camminareguarisce.it\/wp-content\/uploads\/2018\/02\/IMG_1952-510x382.jpg 510w, https:\/\/camminareguarisce.it\/wp-content\/uploads\/2018\/02\/IMG_1952-1080x809.jpg 1080w, https:\/\/camminareguarisce.it\/wp-content\/uploads\/2018\/02\/IMG_1952-1280x959.jpg 1280w, https:\/\/camminareguarisce.it\/wp-content\/uploads\/2018\/02\/IMG_1952-980x734.jpg 980w, https:\/\/camminareguarisce.it\/wp-content\/uploads\/2018\/02\/IMG_1952-480x360.jpg 480w\" sizes=\"(max-width: 300px) 100vw, 300px\" \/><\/figure>\n\n\n\n<p>Invece succede che la gente si accoltella per un parcheggio rubato, si picchia a sangue per un\u2019auto tamponata, si prende alle mani per uno sguardo di troppo, si uccide per l\u2019ennesima lite con il proprio vicino. Accade che gli uomini continuino a eliminare una donna che reclama una vita pi\u00f9 felice, che una maestra di scuola picchi bambini indifesi, che un uomo in divisa si senta legittimato a usare le \u201cmaniere forti\u201d nell\u2019esercizio del suo lavoro, e che un politico dichiari una guerra ad un nemico per i suoi pi\u00f9 sporchi interessi. Capita che adolescenti compiano atti incontrollati di violenza di cui non percepiscono nemmeno le conseguenze, che scoppino genocidi all\u2019interno di uno stesso popolo, che delle persone si picchino e ammazzino per una partita di football. Tutti ci inorridiamo e scuotiamo la testa, ma poi nulla cambia.<\/p>\n\n\n\n<p>Violenza fisica, violenza psicologica, violenza sessuale. Violenza subdola, sottile, mascherata. Il sistema stesso cos\u00ec com\u2019\u00e8 concepito \u00e8 fondamentalmente violento perch\u00e9 discrimina, emargina, sacrifica, abbandona, sfrutta, schiavizza senza scrupoli. La societ\u00e0 cos\u00ec com\u2019\u00e8 interpretata, moltiplica a vari livelli meccanismi di violenza e li infligge senza remore ai cittadini del mondo.<br>Abbiamo o non abbiamo un problema serio con la violenza? Perch\u00e9 non riusciamo a spezzare questa catena? Neanche le religioni ce l\u2019hanno fatta, ma anzi hanno purtroppo a volte benedetto guerre \u201csante\u201d e sono state il pretesto pi\u00f9 comodo per aizzare folli inferocite di persone accecate da una violenza irrazionale.<\/p>\n\n\n\n<figure class=\"wp-block-image\"><img loading=\"lazy\" decoding=\"async\" width=\"300\" height=\"169\" src=\"https:\/\/associazionecamminareguarisce.it\/wp-content\/uploads\/2018\/02\/IMG_1610-2-300x169.jpg\" alt=\"\" class=\"wp-image-2597\" srcset=\"https:\/\/camminareguarisce.it\/wp-content\/uploads\/2018\/02\/IMG_1610-2-300x169.jpg 300w, https:\/\/camminareguarisce.it\/wp-content\/uploads\/2018\/02\/IMG_1610-2-1024x576.jpg 1024w, https:\/\/camminareguarisce.it\/wp-content\/uploads\/2018\/02\/IMG_1610-2-768x432.jpg 768w, https:\/\/camminareguarisce.it\/wp-content\/uploads\/2018\/02\/IMG_1610-2-1536x864.jpg 1536w, https:\/\/camminareguarisce.it\/wp-content\/uploads\/2018\/02\/IMG_1610-2-1080x608.jpg 1080w, https:\/\/camminareguarisce.it\/wp-content\/uploads\/2018\/02\/IMG_1610-2-1280x720.jpg 1280w, https:\/\/camminareguarisce.it\/wp-content\/uploads\/2018\/02\/IMG_1610-2-980x551.jpg 980w, https:\/\/camminareguarisce.it\/wp-content\/uploads\/2018\/02\/IMG_1610-2-480x270.jpg 480w, https:\/\/camminareguarisce.it\/wp-content\/uploads\/2018\/02\/IMG_1610-2.jpg 2048w\" sizes=\"(max-width: 300px) 100vw, 300px\" \/><\/figure>\n\n\n\n<p>Non so perch\u00e9 stia \u201cperdendo tempo\u201d a scrivere qualcosa su questo tema. Se lasciamo parlare la rassegnazione, niente mai cambier\u00e0. Eppure, malgrado l\u2019immensa complessit\u00e0 del mondo, l\u2019educazione al \u201cdiventare umani\u201d e che comprende dunque anche l\u2019addomesticamento della violenza, non voglio credere che sia un cammino <strong>impossibile<\/strong> per gli essere umani.<br>Se non lavoriamo sulla violenza, sar\u00e0 essa a lavorare noi. Se non domiamo la violenza, essa continuer\u00e0 a serpeggiare come un fuoco che scorre sottoterra e che ogni tanto innescher\u00e0 degli incendi di dimensioni anche tremende.<br>Come mai questo problema non viene affrontato in modo determinante? Sembra quasi che l\u2019umanit\u00e0 abbia bisogno della violenza e delle sue espressioni, cos\u00ec come pare che l\u2019uomo abbia un infido bisogno di soffrire per sentirsi vivo. Sembra che la violenza sia necessaria!<\/p>\n\n\n\n<p>Lo possiamo dire ancora oggi \u201cHO UN SOGNO\u201d, o siamo ormai rassegnati e imbevuti di fatalismo, tanto da non credere pi\u00f9 che il mondo possa essere diverso da com\u2019\u00e8 sempre stato?<br>Lo possiamo ancora fare un profondo atto di fede nella vera essenza dell\u2019uomo? Io dico di s\u00ec! Quello che vediamo tutti i giorni \u00e8 solo frutto di una minima parte della grandezza insita nell\u2019umano!! Possiamo ancora sperare che ci siano dei cammini possibili per fare della violenza un alleato dell\u2019umanit\u00e0 piuttosto che la forza che la distrugge? Chi ci dar\u00e0 la luce necessaria per vedere? Chi la forza per resistere? Chi il coraggio di provare a cambiare?<\/p>\n\n\n\n<p>Credo che l\u2019umanit\u00e0 debba ancora fare il viaggio pi\u00f9 decisivo della sua storia: quello che la porta incontro a se stessa fino in fondo!<\/p>\n\n\n\n<p>\u201c<em>Se esiste un uomo non violento, perch\u00e9 non pu\u00f2 esistere una famiglia non violenta? E perch\u00e9 non un villaggio, una citt\u00e0, un paese, un mondo non violento<\/em>?\u201d (Gandhi)<\/p>\n","protected":false},"excerpt":{"rendered":"<p>La violenza. Se ne parla anche troppo, ma il problema \u00e8 che lo si fa molto spesso in modo morboso, altre volte spettacolarizzandola, altre demonizzandola. In un mondo che scoppia di immagini e di parole, siamo costantemente bombardati da messaggi di violenza.Dobbiamo riconoscere che la violenza, in tutte le sue variegate manifestazioni, rappresenta davvero uno [&hellip;]<\/p>\n","protected":false},"author":2,"featured_media":5976,"comment_status":"closed","ping_status":"open","sticky":false,"template":"","format":"standard","meta":{"_et_pb_use_builder":"","_et_pb_old_content":"","_et_gb_content_width":"","footnotes":""},"categories":[16],"tags":[],"class_list":["post-1062","post","type-post","status-publish","format-standard","has-post-thumbnail","hentry","category-vivere"],"aioseo_notices":[],"_links":{"self":[{"href":"https:\/\/camminareguarisce.it\/index.php\/wp-json\/wp\/v2\/posts\/1062","targetHints":{"allow":["GET"]}}],"collection":[{"href":"https:\/\/camminareguarisce.it\/index.php\/wp-json\/wp\/v2\/posts"}],"about":[{"href":"https:\/\/camminareguarisce.it\/index.php\/wp-json\/wp\/v2\/types\/post"}],"author":[{"embeddable":true,"href":"https:\/\/camminareguarisce.it\/index.php\/wp-json\/wp\/v2\/users\/2"}],"replies":[{"embeddable":true,"href":"https:\/\/camminareguarisce.it\/index.php\/wp-json\/wp\/v2\/comments?post=1062"}],"version-history":[{"count":1,"href":"https:\/\/camminareguarisce.it\/index.php\/wp-json\/wp\/v2\/posts\/1062\/revisions"}],"predecessor-version":[{"id":6125,"href":"https:\/\/camminareguarisce.it\/index.php\/wp-json\/wp\/v2\/posts\/1062\/revisions\/6125"}],"wp:featuredmedia":[{"embeddable":true,"href":"https:\/\/camminareguarisce.it\/index.php\/wp-json\/wp\/v2\/media\/5976"}],"wp:attachment":[{"href":"https:\/\/camminareguarisce.it\/index.php\/wp-json\/wp\/v2\/media?parent=1062"}],"wp:term":[{"taxonomy":"category","embeddable":true,"href":"https:\/\/camminareguarisce.it\/index.php\/wp-json\/wp\/v2\/categories?post=1062"},{"taxonomy":"post_tag","embeddable":true,"href":"https:\/\/camminareguarisce.it\/index.php\/wp-json\/wp\/v2\/tags?post=1062"}],"curies":[{"name":"wp","href":"https:\/\/api.w.org\/{rel}","templated":true}]}}