{"id":1028,"date":"2018-01-12T10:06:24","date_gmt":"2018-01-12T09:06:24","guid":{"rendered":"https:\/\/associazionecamminareguarisce.it\/?p=1028"},"modified":"2025-04-15T10:40:29","modified_gmt":"2025-04-15T10:40:29","slug":"parola-di-fabrizio-camminare-guarisce","status":"publish","type":"post","link":"https:\/\/camminareguarisce.it\/index.php\/2018\/01\/12\/parola-di-fabrizio-camminare-guarisce\/","title":{"rendered":"Parola di Fabrizio: &#8220;camminare guarisce!&#8221;"},"content":{"rendered":"<p>Un breve estratto della trasmissione &#8220;Siamo Noi&#8221;, alla quale Fabrizio Pepini, un mio fratello, ha partecipato nello scorso maggio. Sei anni e mezzo fa circa, gli avevano diagnosticato una malattia che, a dire dei medici, non gli avrebbe dato scampo e che nel giro di non molto tempo se lo sarebbe dovuto portare via.<\/p>\n<p>Fabrizio allora si \u00e8 messo uno zaino in spalla ed \u00e8 partito per la Francia, per fare il famoso cammino di \u00a0Santiago, per vivere forse l&#8217;ultimo dei suoi viaggi, e invece in cammino \u00e8 <strong>rinato<\/strong>! Da allora &#8211; era il 6 maggio 2012 &#8211; Fabrizio non si \u00e8 pi\u00f9 fermato, soprattutto con il cuore e con la testa, e sta continuando quel meraviglioso viaggio che \u00e8 la Vita con uno sguardo nuovo, un passo decisamente pi\u00f9 lento, leggero, felice.<\/p>\n<p>La sua storia \u00e8 racchiusa nell&#8217;emozionante libro &#8220;Camminare guarisce&#8221;, uscito nel 2016 e scritto a quattro mani insieme a Massimiliano Cremona. La testimonianza di Fabrizio semina una fiducia e una forza potenti in tutti coloro che lo leggono! Mettiamo in circolo le buone energie, le belle storie, gli esempi costruttivi! Continuiamo a raccontare come il camminare possa essere per tutti coloro che ne sentono la necessit\u00e0, uno spazio ottimale per ricominciare, per rinascere!<\/p>\n<p>&nbsp;<\/p>\n<p>Buona visione!<\/p>\n<p>&nbsp;<\/p>\n<p><iframe loading=\"lazy\" title=\"Siamo Noi - Fabrizio Pepini in cammino sulla Via Francigena\" width=\"1080\" height=\"608\" src=\"https:\/\/www.youtube.com\/embed\/5Y71f26A1Fc?start=1&#038;feature=oembed\"  allow=\"accelerometer; autoplay; clipboard-write; encrypted-media; gyroscope; picture-in-picture\" allowfullscreen><\/iframe><\/p>\n","protected":false},"excerpt":{"rendered":"<p>Un breve estratto della trasmissione &#8220;Siamo Noi&#8221;, alla quale Fabrizio Pepini, un mio fratello, ha partecipato nello scorso maggio. Sei anni e mezzo fa circa, gli avevano diagnosticato una malattia che, a dire dei medici, non gli avrebbe dato scampo e che nel giro di non molto tempo se lo sarebbe dovuto portare via. Fabrizio [&hellip;]<\/p>\n","protected":false},"author":2,"featured_media":1029,"comment_status":"closed","ping_status":"open","sticky":false,"template":"","format":"video","meta":{"_et_pb_use_builder":"","_et_pb_old_content":"","_et_gb_content_width":"","footnotes":""},"categories":[15],"tags":[],"class_list":["post-1028","post","type-post","status-publish","format-video","has-post-thumbnail","hentry","category-senza-categoria-fr","post_format-post-format-video"],"aioseo_notices":[],"_links":{"self":[{"href":"https:\/\/camminareguarisce.it\/index.php\/wp-json\/wp\/v2\/posts\/1028","targetHints":{"allow":["GET"]}}],"collection":[{"href":"https:\/\/camminareguarisce.it\/index.php\/wp-json\/wp\/v2\/posts"}],"about":[{"href":"https:\/\/camminareguarisce.it\/index.php\/wp-json\/wp\/v2\/types\/post"}],"author":[{"embeddable":true,"href":"https:\/\/camminareguarisce.it\/index.php\/wp-json\/wp\/v2\/users\/2"}],"replies":[{"embeddable":true,"href":"https:\/\/camminareguarisce.it\/index.php\/wp-json\/wp\/v2\/comments?post=1028"}],"version-history":[{"count":1,"href":"https:\/\/camminareguarisce.it\/index.php\/wp-json\/wp\/v2\/posts\/1028\/revisions"}],"predecessor-version":[{"id":6128,"href":"https:\/\/camminareguarisce.it\/index.php\/wp-json\/wp\/v2\/posts\/1028\/revisions\/6128"}],"wp:featuredmedia":[{"embeddable":true,"href":"https:\/\/camminareguarisce.it\/index.php\/wp-json\/wp\/v2\/media\/1029"}],"wp:attachment":[{"href":"https:\/\/camminareguarisce.it\/index.php\/wp-json\/wp\/v2\/media?parent=1028"}],"wp:term":[{"taxonomy":"category","embeddable":true,"href":"https:\/\/camminareguarisce.it\/index.php\/wp-json\/wp\/v2\/categories?post=1028"},{"taxonomy":"post_tag","embeddable":true,"href":"https:\/\/camminareguarisce.it\/index.php\/wp-json\/wp\/v2\/tags?post=1028"}],"curies":[{"name":"wp","href":"https:\/\/api.w.org\/{rel}","templated":true}]}}